{"id":164464,"date":"2020-07-13T17:15:59","date_gmt":"2020-07-13T20:15:59","guid":{"rendered":"https:\/\/diarioregionaldigital.com.br\/?p=164464"},"modified":"2020-07-13T17:15:59","modified_gmt":"2020-07-13T20:15:59","slug":"reducao-nos-numeros-da-doenca-confirmara-passagem-do-pico-da-covid-19","status":"publish","type":"post","link":"https:\/\/diarioregionaldigital.com.br\/?p=164464","title":{"rendered":"Redu\u00e7\u00e3o nos n\u00fameros da doen\u00e7a confirmar\u00e1 passagem do pico da covid-19"},"content":{"rendered":"<p><main class=\"clear margin-md-bottom-3\"><\/p>\n<div class=\"clear \">\n<p>O secret\u00e1rio de Estado de\u00a0Sa\u00fade\u00a0de Minas Gerais, Carlos Eduardo Amaral, explicou, em coletiva virtual, que alguns fatores interferem na proximidade ou adiamento do pico da covid-19. Segundo Amaral, o pico \u00e9 um dado obtido por meio de proje\u00e7\u00f5es feitas pelas equipes da SES-MG, com objetivo de sinalizar qual seria o per\u00edodo de maior estresse da rede p\u00fablica de assist\u00eancia \u00e0 sa\u00fade para suprir a demanda por atendimento.<\/p>\n<p>\u201cO acompanhamento da situa\u00e7\u00e3o no dia a dia tem nos mostrado que boa parte das proje\u00e7\u00f5es que fizemos est\u00e3o se concretizando. Entretanto, alguns fatores interferem na concretiza\u00e7\u00e3o ou n\u00e3o de um pico. Dentre eles, a ades\u00e3o que se tem ao isolamento, levando-se em considera\u00e7\u00e3o todo o estado de Minas Gerais, e tamb\u00e9m a forma e quantidade de transmiss\u00e3o dos casos que est\u00e3o acontecendo\u201d, explicou.<\/p>\n<p>De acordo com o secret\u00e1rio, ainda que as proje\u00e7\u00f5es indiquem grande volume de casos para esta semana, a defini\u00e7\u00e3o sobre a chegada ao pico da doen\u00e7a em Minas \u2013 o chamado plat\u00f4 \u2013 s\u00f3 se confirmar\u00e1 quando a curva de novos casos di\u00e1rios apresentar estabiliza\u00e7\u00e3o, numa linha reta.<\/p>\n<p>\u201cDe forma geral, como Minas Gerais teve um incremento no n\u00famero de casos mais lento que o de outros estados. Existe a possibilidade de que n\u00f3s tenhamos um n\u00famero maior de casos e, depois, uma discreta redu\u00e7\u00e3o, mantendo-se o plat\u00f4. S\u00f3 saberemos que estivemos no pico quando observamos redu\u00e7\u00e3o no n\u00famero de casos\u201d, explica o secret\u00e1rio de Estado de Sa\u00fade.<\/p>\n<p>At\u00e9 o momento, foram registrados 76.822 casos confirmados da covid-19 em Minas Gerais. Est\u00e3o em acompanhamento 24.697 casos e s\u00e3o 50.510 casos recuperados. Com rela\u00e7\u00e3o aos \u00f3bitos, est\u00e3o confirmados 1.615.<\/p>\n<p><b>Monitoramento<\/b><\/p>\n<p>Durante a coletiva, o chefe de gabinete Jo\u00e3o Pinho destacou que a Secretaria de Estado de Sa\u00fade (SES-MG) acompanha os dados de todas as macrorregi\u00f5es, fazendo atualiza\u00e7\u00f5es constantes, seja da taxa de ocupa\u00e7\u00e3o de leitos, seja dos \u00edndices relacionados \u00e0 contamina\u00e7\u00e3o pelo v\u00edrus.<\/p>\n<p>\u201cN\u00f3s monitoramos os indicadores, verificamos como est\u00e1 a situa\u00e7\u00e3o de cada lugar e, com a divulga\u00e7\u00e3o semanal das avalia\u00e7\u00f5es feitas por meio do\u00a0Minas Consciente, indicamos qual \u00e9 a onda mais apropriada para o momento em cada regi\u00e3o. Isso \u00e9 uma forma de indicarmos qual o n\u00edvel de isolamento necess\u00e1rio, pois, quando definimos quais atividades econ\u00f4micas devem estar em funcionamento, tamb\u00e9m estamos falando sobre quantas pessoas devem estar em casa e quantas em circula\u00e7\u00e3o\u201d, esclarece Jo\u00e3o Pinho.<\/p>\n<p>O chefe de Gabinete da SES-MG refor\u00e7ou ainda que, no caso das atividades consideradas aptas ao funcionamento, o ideal \u00e9 que sejam priorizados o teletrabalho e o atendimento a dist\u00e2ncia, de modo a intensificar as medidas de isolamento.<\/p>\n<p><strong>Fonte:\u00a0<\/strong>Ag\u00eancia Minas<\/p>\n<\/div>\n<p><\/main><\/p>\n","protected":false},"excerpt":{"rendered":"<p>O secret\u00e1rio de Estado de\u00a0Sa\u00fade\u00a0de Minas Gerais, Carlos Eduardo Amaral, explicou, em coletiva virtual, que alguns fatores interferem na proximidade ou adiamento do pico da covid-19. Segundo Amaral, o pico \u00e9 um dado obtido por meio de proje\u00e7\u00f5es feitas pelas equipes da SES-MG, com objetivo de sinalizar qual seria o per\u00edodo de maior estresse da [&hellip;]<\/p>\n","protected":false},"author":96,"featured_media":164465,"comment_status":"closed","ping_status":"closed","sticky":false,"template":"","format":"standard","meta":{"footnotes":""},"categories":[436,440,252,439],"tags":[],"class_list":["post-164464","post","type-post","status-publish","format-standard","has-post-thumbnail","hentry","category-destaque-da-semana","category-destaques-do-dia","category-regiao","category-ultima-hora"],"_links":{"self":[{"href":"https:\/\/diarioregionaldigital.com.br\/index.php?rest_route=\/wp\/v2\/posts\/164464","targetHints":{"allow":["GET"]}}],"collection":[{"href":"https:\/\/diarioregionaldigital.com.br\/index.php?rest_route=\/wp\/v2\/posts"}],"about":[{"href":"https:\/\/diarioregionaldigital.com.br\/index.php?rest_route=\/wp\/v2\/types\/post"}],"author":[{"embeddable":true,"href":"https:\/\/diarioregionaldigital.com.br\/index.php?rest_route=\/wp\/v2\/users\/96"}],"replies":[{"embeddable":true,"href":"https:\/\/diarioregionaldigital.com.br\/index.php?rest_route=%2Fwp%2Fv2%2Fcomments&post=164464"}],"version-history":[{"count":0,"href":"https:\/\/diarioregionaldigital.com.br\/index.php?rest_route=\/wp\/v2\/posts\/164464\/revisions"}],"wp:featuredmedia":[{"embeddable":true,"href":"https:\/\/diarioregionaldigital.com.br\/index.php?rest_route=\/wp\/v2\/media\/164465"}],"wp:attachment":[{"href":"https:\/\/diarioregionaldigital.com.br\/index.php?rest_route=%2Fwp%2Fv2%2Fmedia&parent=164464"}],"wp:term":[{"taxonomy":"category","embeddable":true,"href":"https:\/\/diarioregionaldigital.com.br\/index.php?rest_route=%2Fwp%2Fv2%2Fcategories&post=164464"},{"taxonomy":"post_tag","embeddable":true,"href":"https:\/\/diarioregionaldigital.com.br\/index.php?rest_route=%2Fwp%2Fv2%2Ftags&post=164464"}],"curies":[{"name":"wp","href":"https:\/\/api.w.org\/{rel}","templated":true}]}}