{"id":164462,"date":"2020-07-13T17:03:09","date_gmt":"2020-07-13T20:03:09","guid":{"rendered":"https:\/\/diarioregionaldigital.com.br\/?p=164462"},"modified":"2020-07-13T17:03:09","modified_gmt":"2020-07-13T20:03:09","slug":"iml-busca-identificacao-do-corpo-de-idoso-de-60-anos-encontrado-no-bairro-ipiranga","status":"publish","type":"post","link":"https:\/\/diarioregionaldigital.com.br\/?p=164462","title":{"rendered":"IML busca identifica\u00e7\u00e3o do corpo de idoso de 60 anos, encontrado no Bairro Ipiranga"},"content":{"rendered":"<p>O Instituto M\u00e9dico Legal (IML), segue em busca da identifica\u00e7\u00e3o do corpo de um idoso, com idade de 60 anos, no qual foi encontrado morto em uma resid\u00eancia na quinta-feira (9), no Bairro Ipiranga (Regi\u00e3o Sul) em Juiz de Fora. Segundo informa\u00e7\u00f5es , a v\u00edtima tem 1,69 de altura, traja camisa <span style=\"font-weight: 400;\">de malha cinza e cal\u00e7a social preta, sem cicatriz ou tatuagem e com uma alian\u00e7a prata na m\u00e3o esquerda. O IML pede que familiares e amigos da v\u00edtima entrem em contato com o \u00f3rg\u00e3o, na <\/span><span style=\"font-weight: 400;\">Rua Professora Carolina Coelho, 56, no Bairro Grambery.<\/span><\/p>\n","protected":false},"excerpt":{"rendered":"<p>O Instituto M\u00e9dico Legal (IML), segue em busca da identifica\u00e7\u00e3o do corpo de um idoso, com idade de 60 anos, no qual foi encontrado morto em uma resid\u00eancia na quinta-feira (9), no Bairro Ipiranga (Regi\u00e3o Sul) em Juiz de Fora. Segundo informa\u00e7\u00f5es , a v\u00edtima tem 1,69 de altura, traja camisa de malha cinza e [&hellip;]<\/p>\n","protected":false},"author":96,"featured_media":163194,"comment_status":"closed","ping_status":"closed","sticky":false,"template":"","format":"standard","meta":{"footnotes":""},"categories":[301,436,439],"tags":[],"class_list":["post-164462","post","type-post","status-publish","format-standard","has-post-thumbnail","hentry","category-artigos-policiais","category-destaque-da-semana","category-ultima-hora"],"_links":{"self":[{"href":"https:\/\/diarioregionaldigital.com.br\/index.php?rest_route=\/wp\/v2\/posts\/164462","targetHints":{"allow":["GET"]}}],"collection":[{"href":"https:\/\/diarioregionaldigital.com.br\/index.php?rest_route=\/wp\/v2\/posts"}],"about":[{"href":"https:\/\/diarioregionaldigital.com.br\/index.php?rest_route=\/wp\/v2\/types\/post"}],"author":[{"embeddable":true,"href":"https:\/\/diarioregionaldigital.com.br\/index.php?rest_route=\/wp\/v2\/users\/96"}],"replies":[{"embeddable":true,"href":"https:\/\/diarioregionaldigital.com.br\/index.php?rest_route=%2Fwp%2Fv2%2Fcomments&post=164462"}],"version-history":[{"count":0,"href":"https:\/\/diarioregionaldigital.com.br\/index.php?rest_route=\/wp\/v2\/posts\/164462\/revisions"}],"wp:featuredmedia":[{"embeddable":true,"href":"https:\/\/diarioregionaldigital.com.br\/index.php?rest_route=\/wp\/v2\/media\/163194"}],"wp:attachment":[{"href":"https:\/\/diarioregionaldigital.com.br\/index.php?rest_route=%2Fwp%2Fv2%2Fmedia&parent=164462"}],"wp:term":[{"taxonomy":"category","embeddable":true,"href":"https:\/\/diarioregionaldigital.com.br\/index.php?rest_route=%2Fwp%2Fv2%2Fcategories&post=164462"},{"taxonomy":"post_tag","embeddable":true,"href":"https:\/\/diarioregionaldigital.com.br\/index.php?rest_route=%2Fwp%2Fv2%2Ftags&post=164462"}],"curies":[{"name":"wp","href":"https:\/\/api.w.org\/{rel}","templated":true}]}}