{"id":164460,"date":"2020-07-13T16:56:58","date_gmt":"2020-07-13T19:56:58","guid":{"rendered":"https:\/\/diarioregionaldigital.com.br\/?p=164460"},"modified":"2020-07-13T16:56:58","modified_gmt":"2020-07-13T19:56:58","slug":"mulher-de-40-anos-e-atropelada-por-um-trem-proximo-ao-mergulhao","status":"publish","type":"post","link":"https:\/\/diarioregionaldigital.com.br\/?p=164460","title":{"rendered":"Mulher de 40 anos \u00e9 atropelada por um trem pr\u00f3ximo ao mergulh\u00e3o"},"content":{"rendered":"<p>Uma mulher de 40 anos, na tentativa de atravessar a linha, foi atropelada por um trem, pr\u00f3ximo ao mergulh\u00e3o, nesta segunda-feira (13) na Regi\u00e3o Central de Juiz de Fora. O SAMU foi acionado e prestou atendimentos \u00e0 v\u00edtima, que <span style=\"font-weight: 400;\">encontrava-se inconsciente e politraumatizada. A Pol\u00edcia Militar (PM) compareceu ao local e realizou os trabalhos de praxe.\u00a0<\/span><\/p>\n","protected":false},"excerpt":{"rendered":"<p>Uma mulher de 40 anos, na tentativa de atravessar a linha, foi atropelada por um trem, pr\u00f3ximo ao mergulh\u00e3o, nesta segunda-feira (13) na Regi\u00e3o Central de Juiz de Fora. O SAMU foi acionado e prestou atendimentos \u00e0 v\u00edtima, que encontrava-se inconsciente e politraumatizada. A Pol\u00edcia Militar (PM) compareceu ao local e realizou os trabalhos de [&hellip;]<\/p>\n","protected":false},"author":96,"featured_media":161920,"comment_status":"closed","ping_status":"closed","sticky":false,"template":"","format":"standard","meta":{"footnotes":""},"categories":[253,436,439],"tags":[],"class_list":["post-164460","post","type-post","status-publish","format-standard","has-post-thumbnail","hentry","category-cidade","category-destaque-da-semana","category-ultima-hora"],"_links":{"self":[{"href":"https:\/\/diarioregionaldigital.com.br\/index.php?rest_route=\/wp\/v2\/posts\/164460","targetHints":{"allow":["GET"]}}],"collection":[{"href":"https:\/\/diarioregionaldigital.com.br\/index.php?rest_route=\/wp\/v2\/posts"}],"about":[{"href":"https:\/\/diarioregionaldigital.com.br\/index.php?rest_route=\/wp\/v2\/types\/post"}],"author":[{"embeddable":true,"href":"https:\/\/diarioregionaldigital.com.br\/index.php?rest_route=\/wp\/v2\/users\/96"}],"replies":[{"embeddable":true,"href":"https:\/\/diarioregionaldigital.com.br\/index.php?rest_route=%2Fwp%2Fv2%2Fcomments&post=164460"}],"version-history":[{"count":0,"href":"https:\/\/diarioregionaldigital.com.br\/index.php?rest_route=\/wp\/v2\/posts\/164460\/revisions"}],"wp:featuredmedia":[{"embeddable":true,"href":"https:\/\/diarioregionaldigital.com.br\/index.php?rest_route=\/wp\/v2\/media\/161920"}],"wp:attachment":[{"href":"https:\/\/diarioregionaldigital.com.br\/index.php?rest_route=%2Fwp%2Fv2%2Fmedia&parent=164460"}],"wp:term":[{"taxonomy":"category","embeddable":true,"href":"https:\/\/diarioregionaldigital.com.br\/index.php?rest_route=%2Fwp%2Fv2%2Fcategories&post=164460"},{"taxonomy":"post_tag","embeddable":true,"href":"https:\/\/diarioregionaldigital.com.br\/index.php?rest_route=%2Fwp%2Fv2%2Ftags&post=164460"}],"curies":[{"name":"wp","href":"https:\/\/api.w.org\/{rel}","templated":true}]}}