{"id":164452,"date":"2020-07-13T15:43:26","date_gmt":"2020-07-13T18:43:26","guid":{"rendered":"https:\/\/diarioregionaldigital.com.br\/?p=164452"},"modified":"2020-07-13T15:43:26","modified_gmt":"2020-07-13T18:43:26","slug":"resultado-do-sisu-sera-divulgado-nesta-terca-feira-pelo-ministerio-da-educacao","status":"publish","type":"post","link":"https:\/\/diarioregionaldigital.com.br\/?p=164452","title":{"rendered":"Resultado do Sisu ser\u00e1 divulgado nesta ter\u00e7a-feira pelo Minist\u00e9rio da Educa\u00e7\u00e3o"},"content":{"rendered":"<p><span style=\"font-weight: 400;\">O Minist\u00e9rio da Educa\u00e7\u00e3o (MEC), divulgar\u00e1 nesta ter\u00e7a-feira(14), o resultado final do Sistema de Sele\u00e7\u00e3o Unificada (Sisu). As notas finais s\u00e3o obtidas no Exame Nacional do Ensino M\u00e9dio (ENEM). Ao todo, a Universidade Federal de Juiz de Fora (UFJF), disponibiliza 865 vagas distribu\u00eddas em 32 cursos no campus sede em Juiz de Fora e 677 vagas para 9 cursos em Governador Valadares.<\/span><\/p>\n<p><span style=\"font-weight: 400;\">Segundo o MEC, mais de 50% dos candidatos, 424.991 mil, disputam 51.924 mil vagas ofertadas em 57 institui\u00e7\u00f5es p\u00fablicas de educa\u00e7\u00e3o superior do pa\u00eds.<\/span><\/p>\n<p><span style=\"font-weight: 400;\">O resultado do Sisu pode ser consultado no boletim do candidato, na p\u00e1gina do Sisu, nas institui\u00e7\u00f5es participantes e na Central de Atendimento do MEC, no telefone 0800-616161.<\/span><\/p>\n<p><span style=\"font-weight: 400;\">Na UFJF, metade das vagas dispon\u00edveis s\u00e3o destinadas para a\u00e7\u00f5es afirmativas. Dentre elas, o candidato encontra nove grupos de acesso, sendo um de ampla concorr\u00eancia (A0) e outros oito (L1, L2, L5, L6, L9, L10, L13, L14) destinados especificamente para cotistas.<\/span><\/p>\n<p><b>Matr\u00edcula<\/b><\/p>\n<p><span style=\"font-weight: 400;\">As matr\u00edculas na UFJF ser\u00e3o feitas no per\u00edodo entre os dias 16 e 21 deste m\u00eas. Os candidatos devem estar atentos sobre a entrega da documenta\u00e7\u00e3o e a escolha do grupo, em caso de aprova\u00e7\u00e3o. Todas as informa\u00e7\u00f5es referentes aos documentos ser\u00e3o disponibilizados em breve na p\u00e1gina da Coordenadoria Geral de Assuntos Acad\u00eamicos (Cdara).<\/span><\/p>\n<p><span style=\"font-weight: 400;\">J\u00e1 os candidatos que desejarem se inscrever para as listas de espera, ter\u00e3o entre 14 e 21 de julho para se manifestar e a convoca\u00e7\u00e3o dos candidatos est\u00e1 prevista para ter in\u00edcio no dia 24 de julho.<\/span><\/p>\n<p>&nbsp;<\/p>\n","protected":false},"excerpt":{"rendered":"<p>O Minist\u00e9rio da Educa\u00e7\u00e3o (MEC), divulgar\u00e1 nesta ter\u00e7a-feira(14), o resultado final do Sistema de Sele\u00e7\u00e3o Unificada (Sisu). As notas finais s\u00e3o obtidas no Exame Nacional do Ensino M\u00e9dio (ENEM). Ao todo, a Universidade Federal de Juiz de Fora (UFJF), disponibiliza 865 vagas distribu\u00eddas em 32 cursos no campus sede em Juiz de Fora e 677 [&hellip;]<\/p>\n","protected":false},"author":96,"featured_media":164454,"comment_status":"closed","ping_status":"closed","sticky":false,"template":"","format":"standard","meta":{"footnotes":""},"categories":[253,436,440,439],"tags":[],"class_list":["post-164452","post","type-post","status-publish","format-standard","has-post-thumbnail","hentry","category-cidade","category-destaque-da-semana","category-destaques-do-dia","category-ultima-hora"],"_links":{"self":[{"href":"https:\/\/diarioregionaldigital.com.br\/index.php?rest_route=\/wp\/v2\/posts\/164452","targetHints":{"allow":["GET"]}}],"collection":[{"href":"https:\/\/diarioregionaldigital.com.br\/index.php?rest_route=\/wp\/v2\/posts"}],"about":[{"href":"https:\/\/diarioregionaldigital.com.br\/index.php?rest_route=\/wp\/v2\/types\/post"}],"author":[{"embeddable":true,"href":"https:\/\/diarioregionaldigital.com.br\/index.php?rest_route=\/wp\/v2\/users\/96"}],"replies":[{"embeddable":true,"href":"https:\/\/diarioregionaldigital.com.br\/index.php?rest_route=%2Fwp%2Fv2%2Fcomments&post=164452"}],"version-history":[{"count":0,"href":"https:\/\/diarioregionaldigital.com.br\/index.php?rest_route=\/wp\/v2\/posts\/164452\/revisions"}],"wp:featuredmedia":[{"embeddable":true,"href":"https:\/\/diarioregionaldigital.com.br\/index.php?rest_route=\/wp\/v2\/media\/164454"}],"wp:attachment":[{"href":"https:\/\/diarioregionaldigital.com.br\/index.php?rest_route=%2Fwp%2Fv2%2Fmedia&parent=164452"}],"wp:term":[{"taxonomy":"category","embeddable":true,"href":"https:\/\/diarioregionaldigital.com.br\/index.php?rest_route=%2Fwp%2Fv2%2Fcategories&post=164452"},{"taxonomy":"post_tag","embeddable":true,"href":"https:\/\/diarioregionaldigital.com.br\/index.php?rest_route=%2Fwp%2Fv2%2Ftags&post=164452"}],"curies":[{"name":"wp","href":"https:\/\/api.w.org\/{rel}","templated":true}]}}