{"id":164449,"date":"2020-07-13T15:09:59","date_gmt":"2020-07-13T18:09:59","guid":{"rendered":"https:\/\/diarioregionaldigital.com.br\/?p=164449"},"modified":"2020-07-13T15:09:59","modified_gmt":"2020-07-13T18:09:59","slug":"cuidados-na-volta-as-atividades-no-centro-de-treinamento-da-cbat","status":"publish","type":"post","link":"https:\/\/diarioregionaldigital.com.br\/?p=164449","title":{"rendered":"Cuidados na volta \u00e0s atividades no Centro de Treinamento da CBat"},"content":{"rendered":"<p><span style=\"font-weight: 400;\">O Centro Nacional de Desenvolvimento do Atletismo (CNDA), da Confedera\u00e7\u00e3o Brasileira de Atletismo (CBAt), reabriu na \u00fatima segunda-feira (6), depois de 105 dias fechado para os treinamentos em fun\u00e7\u00e3o da pandemia da COVID-19. Nesta primeira semana desde a reabertura, um grupo de apenas 27 atletas, tiveram acesso \u00e0 pista e \u00e0 academia, mesmo assim com todos os protocolos exigidos pelas autoridades sanit\u00e1rias de Bragan\u00e7a Paulista.<\/span><\/p>\n<p><span style=\"font-weight: 400;\">\u201cNesta primeira semana correu tudo dentro da expectativa. Tivemos de fazer pequenos ajustes no decorrer dos dias, mas em momento algum houve aglomera\u00e7\u00e3o ou outro tipo de problema\u201d, comentou Edemar Alves, coordenador t\u00e9cnico do CNDA. \u201cEstamos com n\u00famero pequeno de atletas. Nem todos treinam no mesmo hor\u00e1rio. Estamos na torcida para poder, com o passar dos dias, liberar a participa\u00e7\u00e3o para mais atletas.\u201d<\/span><\/p>\n<p><span style=\"font-weight: 400;\">De acordo com o protocolo firmado entre a CBAt e a prefeitura da cidade de Bragan\u00e7a Paulista, os treinos seguem v\u00e1rias normas e s\u00e3o realizados em apenas dois hor\u00e1rios, de segunda a sexta-feira, das 8 \u00e0s 12 horas e das 14 \u00e0s 18 horas, e, nos s\u00e1bados, apenas das 8 \u00e0s 12 horas.<\/span><\/p>\n<p><span style=\"font-weight: 400;\">Entre os atletas autorizados para voltar ao centro de treinamento est\u00e1 o recordista sul-americano do arremesso do peso e campe\u00e3o do Pan-Americano de Lima-2019, Darlan Romani, uma esperan\u00e7a de medalha nos Jogos Ol\u00edmpicos de T\u00f3quio-2021. Sua companheira de treino Geisa Arcanjo tamb\u00e9m voltou, ambos s\u00e3o orientados pelo especialista cubano Justo Navarro.<\/span><\/p>\n<p><span style=\"font-weight: 400;\">\u201cEstamos nos acostumando ao \u2018novo normal\u2019, que estabelece o uso de m\u00e1scaras, de \u00e1lcool em gel e o distanciamento entre as pessoas. Os treinos foram bons e \u00e9 muito bacana poder voltar \u00e0 pista. Al\u00e9m dos cuidados necess\u00e1rios para evitar a contamina\u00e7\u00e3o, temos de ir com calma para n\u00e3o correr riscos de les\u00f5es\u201d, disse o t\u00e9cnico Sanderlei Parrela, que tem treinado Hederson Estefani e Liliane Barbosa (ambos dos 400 m com barreiras), entre outros.<\/span><\/p>\n<p><span style=\"font-weight: 400;\">Para o t\u00e9cnico Clodoaldo Lopes do Carmo, todos os cuidados s\u00e3o necess\u00e1rios nesta pandemia. Dois de seus atletas n\u00e3o est\u00e3o podendo treinar no centro por n\u00e3o se encaixarem nas regras.\u00a0<\/span><\/p>\n<p><span style=\"font-weight: 400;\">\u201cCinco atletas voltaram aos treinos, com todos os cuidados. Est\u00e3o se readaptando \u00e0 pista e \u00e0s sapatilhas, depois de um longo tempo correndo nas ruas de t\u00eanis. Tudo est\u00e1 sendo feito com tranquilidade porque o Trof\u00e9u Brasil \u00e9 a meta e s\u00f3 ser\u00e1 disputado em dezembro. Temos tempo\u201d, concluiu Clodoaldo, ex-atleta ol\u00edmpico, que entre outros orienta Kleberson David (800 m), Carlos Santos (1.500 m) e Joelma das Neves (400 m) em Bragan\u00e7a.<\/span><\/p>\n<p><span style=\"font-weight: 400;\">\u201cFoi muito bom voltar. Muito melhor do que estava fazendo no terr\u00e3o\u201d, lembrou, brincando, Augusto Dutra, qualificado para os Jogos de T\u00f3quio no salto com vara, referindo-se ao local em que improvisava os treinos em Bragan\u00e7a. \u201cVoltei a saltar nesta sexta-feira e \u00e9 outra coisa. Na pr\u00f3xima semana vou tr\u00eas vezes fazer a parte t\u00e9cnica. O restante das atividades farei em casa mesmo\u201d, completou o campe\u00e3o brasileiro e sul-americano e medalha de prata nos Jogos Pan-Americanos de Lima-2019.<\/span><\/p>\n<p><b>Protocolos<\/b><\/p>\n<p><span style=\"font-weight: 400;\">Todos os atletas e treinadores t\u00eam de aferir a temperatura corporal na entrada do centro de treinamento e responder a um question\u00e1rio di\u00e1rio de anamnese. Todos t\u00eam de utilizar m\u00e1scaras de prote\u00e7\u00e3o, podendo retir\u00e1-las somente no momento dos exerc\u00edcios.<\/span><\/p>\n<p><span style=\"font-weight: 400;\">Neste primeiro momento, somente podem treinar atletas que morem em Bragan\u00e7a Paulista, que integrem o Plano de Prepara\u00e7\u00e3o Ol\u00edmpica do COB\/CBAt, medalhistas em Campeonatos Mundiais e Jogos Pan-Americanos (2019), atletas da categoria sub-20 medalhistas no Mundial 2018 ou que possuam \u00edndices para o Mundial Sub-20 de 2020, e os que j\u00e1 realizam treinamento cont\u00ednuo no CNDA, maiores de 18 anos e que estejam entre os 10 primeiros do ranking brasileiro no per\u00edodo de 1\u00ba de janeiro de 2019 a 15 de mar\u00e7o de 2020.<\/span><\/p>\n<p><span style=\"font-weight: 400;\">Os atletas devem sempre estar acompanhados de seus treinadores. Est\u00e1 proibido o treinamento de menores de 18 anos e recomenda-se fortemente que n\u00e3o haja a presen\u00e7a de pessoas acima de 60 anos na instala\u00e7\u00e3o. Est\u00e1 proibida tamb\u00e9m a entrada de parentes de qualquer grau, dirigentes, amigos etc.<\/span><\/p>\n<p><span style=\"font-weight: 400;\">A perman\u00eancia de atletas e t\u00e9cnicos no CNDA somente est\u00e1 permitida durante o hor\u00e1rio de treinamento autorizado &#8211; ningu\u00e9m pode permanecer no local antes ou depois do hor\u00e1rio determinado.<\/span><\/p>\n<p><span style=\"font-weight: 400;\">A CBAt, sempre em conjunto com as autoridades sanit\u00e1rias de Bragan\u00e7a Paulista, avaliar\u00e1 constantemente a situa\u00e7\u00e3o da pandemia da COVID-19, visando a expans\u00e3o de atendimento a outros atletas, o que ser\u00e1 divulgado sempre por Nota Oficial.<\/span><\/p>\n<p><strong>Fonte:\u00a0<\/strong>COB<\/p>\n","protected":false},"excerpt":{"rendered":"<p>O Centro Nacional de Desenvolvimento do Atletismo (CNDA), da Confedera\u00e7\u00e3o Brasileira de Atletismo (CBAt), reabriu na \u00fatima segunda-feira (6), depois de 105 dias fechado para os treinamentos em fun\u00e7\u00e3o da pandemia da COVID-19. Nesta primeira semana desde a reabertura, um grupo de apenas 27 atletas, tiveram acesso \u00e0 pista e \u00e0 academia, mesmo assim com [&hellip;]<\/p>\n","protected":false},"author":96,"featured_media":164450,"comment_status":"closed","ping_status":"closed","sticky":false,"template":"","format":"standard","meta":{"footnotes":""},"categories":[436,257,439],"tags":[],"class_list":["post-164449","post","type-post","status-publish","format-standard","has-post-thumbnail","hentry","category-destaque-da-semana","category-esporte","category-ultima-hora"],"_links":{"self":[{"href":"https:\/\/diarioregionaldigital.com.br\/index.php?rest_route=\/wp\/v2\/posts\/164449","targetHints":{"allow":["GET"]}}],"collection":[{"href":"https:\/\/diarioregionaldigital.com.br\/index.php?rest_route=\/wp\/v2\/posts"}],"about":[{"href":"https:\/\/diarioregionaldigital.com.br\/index.php?rest_route=\/wp\/v2\/types\/post"}],"author":[{"embeddable":true,"href":"https:\/\/diarioregionaldigital.com.br\/index.php?rest_route=\/wp\/v2\/users\/96"}],"replies":[{"embeddable":true,"href":"https:\/\/diarioregionaldigital.com.br\/index.php?rest_route=%2Fwp%2Fv2%2Fcomments&post=164449"}],"version-history":[{"count":0,"href":"https:\/\/diarioregionaldigital.com.br\/index.php?rest_route=\/wp\/v2\/posts\/164449\/revisions"}],"wp:featuredmedia":[{"embeddable":true,"href":"https:\/\/diarioregionaldigital.com.br\/index.php?rest_route=\/wp\/v2\/media\/164450"}],"wp:attachment":[{"href":"https:\/\/diarioregionaldigital.com.br\/index.php?rest_route=%2Fwp%2Fv2%2Fmedia&parent=164449"}],"wp:term":[{"taxonomy":"category","embeddable":true,"href":"https:\/\/diarioregionaldigital.com.br\/index.php?rest_route=%2Fwp%2Fv2%2Fcategories&post=164449"},{"taxonomy":"post_tag","embeddable":true,"href":"https:\/\/diarioregionaldigital.com.br\/index.php?rest_route=%2Fwp%2Fv2%2Ftags&post=164449"}],"curies":[{"name":"wp","href":"https:\/\/api.w.org\/{rel}","templated":true}]}}