{"id":164445,"date":"2020-07-13T14:54:13","date_gmt":"2020-07-13T17:54:13","guid":{"rendered":"https:\/\/diarioregionaldigital.com.br\/?p=164445"},"modified":"2020-07-13T14:54:13","modified_gmt":"2020-07-13T17:54:13","slug":"valtteri-bottas-ficara-mais-uma-temporada-na-mercedes-segundo-site-autosport","status":"publish","type":"post","link":"https:\/\/diarioregionaldigital.com.br\/?p=164445","title":{"rendered":"Valtteri Bottas ficar\u00e1 mais uma temporada na Mercedes, segundo site Autosport"},"content":{"rendered":"<p><span style=\"font-weight: 400;\">Segundo informa\u00e7\u00f5es do site brit\u00e2nico \u201cAutosport\u201d, o CEO da Mercedes Ola Kallenius, diz que o finland\u00eas Valtteri Bottas, ficar\u00e1 na equipe alem\u00e3 por mais uma temporada e que Lewis Hamilton tamb\u00e9m ser\u00e1 mantido. <\/span><span style=\"font-weight: 400;\">Embora o contrato n\u00e3o tenha sido assinado, a equipe e o piloto concordaram com os termos de sua parceria na F1, pelo menos no pr\u00f3ximo ano, ap\u00f3s o forte in\u00edcio da campanha do finland\u00eas. Ele chegou a equipe em 2017 e desde ent\u00e3o conquistou 8 vit\u00f3rias e 38 p\u00f3dios.<\/span><\/p>\n<p><span style=\"font-weight: 400;\">Kallenius diz que a renova\u00e7\u00e3o com seus dois pilotos se deve pela \u00f3tima fase que a equipe vive no momento:<\/span><\/p>\n<p><span style=\"font-weight: 400;\">\u201cVamos manter nossos garotos. Eu entendo que \u00e9 uma ideia empolgante para os f\u00e3s alem\u00e3es, mas com Lewis e Valtteri, j\u00e1 temos dois pilotos de ponta performando no mais alto n\u00edvel. E tivemos essa certeza com Valtteri conquistando a pole com uma volta fant\u00e1stica (na classifica\u00e7\u00e3o para o GP da \u00c1ustria). Vamos manter os pilotos que temos agora.\u201d<\/span><\/p>\n<p><span style=\"font-weight: 400;\">Sobre a quest\u00e3o do novo contrato, Bottas diz que espera assinar o quanto antes, mas diz que foca em cada prova a ser disputada:<\/span><\/p>\n<p><span style=\"font-weight: 400;\">\u201cObviamente, \u00e9 uma temporada muito especial come\u00e7ando t\u00e3o tarde. Ent\u00e3o, o tempo n\u00e3o \u00e9 realmente relevante para outros assentos e fizemos apenas uma corrida. Por outro lado, n\u00e3o h\u00e1 pressa, mas tamb\u00e9m sim, o tempo passa r\u00e1pido e r\u00e1pido. assim que soubermos, ser\u00e1 o fim da temporada, ent\u00e3o sim, espero que possamos fazer algo com isso e tirar esse tipo de id\u00e9ia. Como vimos, se as coisas continuarem, nunca ser\u00e1 um benef\u00edcio. Assim, podemos aprender com isso. Vamos tomar a\u00e7\u00f5es com base no que aprendi.&#8221;<\/span><\/p>\n<p><span style=\"font-weight: 400;\">Mesmo com Ola Kallenius anunciando que a dupla ser\u00e1 mantida, ainda n\u00e3o foi feito um acordo junto a Lewis Hamilton. O contrato do atual hexacampe\u00e3o do mundo se encerra no final deste ano, no entanto o chefe Toto Wolff diz que as negocia\u00e7\u00f5es est\u00e3o em andamento, mas que n\u00e3o tem prazo para anunciar:<\/span><\/p>\n<p><span style=\"font-weight: 400;\">Diante disso, encerram-se os rumores de uma poss\u00edvel transfer\u00eancia de Sebastian Vettel para a Mercedes em 2021, o que deixa sua situa\u00e7\u00e3o na F1 cada vez mais delicada, uma vez que o piloto alem\u00e3o n\u00e3o teve seu contrato renovado com a Ferrari.<\/span><\/p>\n","protected":false},"excerpt":{"rendered":"<p>Segundo informa\u00e7\u00f5es do site brit\u00e2nico \u201cAutosport\u201d, o CEO da Mercedes Ola Kallenius, diz que o finland\u00eas Valtteri Bottas, ficar\u00e1 na equipe alem\u00e3 por mais uma temporada e que Lewis Hamilton tamb\u00e9m ser\u00e1 mantido. Embora o contrato n\u00e3o tenha sido assinado, a equipe e o piloto concordaram com os termos de sua parceria na F1, pelo [&hellip;]<\/p>\n","protected":false},"author":96,"featured_media":164446,"comment_status":"closed","ping_status":"closed","sticky":false,"template":"","format":"standard","meta":{"footnotes":""},"categories":[436,257,439],"tags":[],"class_list":["post-164445","post","type-post","status-publish","format-standard","has-post-thumbnail","hentry","category-destaque-da-semana","category-esporte","category-ultima-hora"],"_links":{"self":[{"href":"https:\/\/diarioregionaldigital.com.br\/index.php?rest_route=\/wp\/v2\/posts\/164445","targetHints":{"allow":["GET"]}}],"collection":[{"href":"https:\/\/diarioregionaldigital.com.br\/index.php?rest_route=\/wp\/v2\/posts"}],"about":[{"href":"https:\/\/diarioregionaldigital.com.br\/index.php?rest_route=\/wp\/v2\/types\/post"}],"author":[{"embeddable":true,"href":"https:\/\/diarioregionaldigital.com.br\/index.php?rest_route=\/wp\/v2\/users\/96"}],"replies":[{"embeddable":true,"href":"https:\/\/diarioregionaldigital.com.br\/index.php?rest_route=%2Fwp%2Fv2%2Fcomments&post=164445"}],"version-history":[{"count":0,"href":"https:\/\/diarioregionaldigital.com.br\/index.php?rest_route=\/wp\/v2\/posts\/164445\/revisions"}],"wp:featuredmedia":[{"embeddable":true,"href":"https:\/\/diarioregionaldigital.com.br\/index.php?rest_route=\/wp\/v2\/media\/164446"}],"wp:attachment":[{"href":"https:\/\/diarioregionaldigital.com.br\/index.php?rest_route=%2Fwp%2Fv2%2Fmedia&parent=164445"}],"wp:term":[{"taxonomy":"category","embeddable":true,"href":"https:\/\/diarioregionaldigital.com.br\/index.php?rest_route=%2Fwp%2Fv2%2Fcategories&post=164445"},{"taxonomy":"post_tag","embeddable":true,"href":"https:\/\/diarioregionaldigital.com.br\/index.php?rest_route=%2Fwp%2Fv2%2Ftags&post=164445"}],"curies":[{"name":"wp","href":"https:\/\/api.w.org\/{rel}","templated":true}]}}