{"id":164441,"date":"2020-07-13T14:27:17","date_gmt":"2020-07-13T17:27:17","guid":{"rendered":"https:\/\/diarioregionaldigital.com.br\/?p=164441"},"modified":"2020-07-13T14:27:17","modified_gmt":"2020-07-13T17:27:17","slug":"corte-arbitral-do-esporte-retira-punicao-e-libera-manchester-city-a-disputar-competicoes-europeias","status":"publish","type":"post","link":"https:\/\/diarioregionaldigital.com.br\/?p=164441","title":{"rendered":"Corte Arbitral do Esporte retira puni\u00e7\u00e3o e libera Manchester City a disputar competi\u00e7\u00f5es europeias"},"content":{"rendered":"<p><span style=\"font-weight: 400;\">A Corte Arbitral do Esporte (CAS), anunciou nesta segunda-feira (13), a retirada da puni\u00e7\u00e3o imposta pela UEFA, na qual bania o Manchester City de disputar competi\u00e7\u00f5es europeias por dois anos. Al\u00e9m disso, o clube ingl\u00eas conseguiu reduzir valor da multa <\/span><span style=\"font-weight: 400;\">de 30 milh\u00f5es de euros para 10 milh\u00f5es de euros (cerca de R$ 60 milh\u00f5es). No entanto o CAS determinou que este valor seja pago dentro do per\u00edodo de 30 dias, cujo prazo iniciou hoje.<\/span><\/p>\n<p><span style=\"font-weight: 400;\">Quanto ao caso, o City foi considerado culpado por ter inflacionado de forma falsa os valores de seus patroc\u00ednios, no per\u00edodo entre 2012 e 2016. A den\u00fancia do caso foi feita pela revista alem\u00e3 Der Spiegel, em novembro de 2018. A revista alem\u00e3 disse que os donos do City tentaram contornar as regras do FFP colocando dinheiro no clube disfar\u00e7ado de renda de patroc\u00ednio. Um documento parecia mostrar que a Etihad Airways estava pagando apenas 8 milh\u00f5es de libras de um contrato de patroc\u00ednio de 67 milh\u00f5es de libras.<\/span><\/p>\n<p><span style=\"font-weight: 400;\">Ap\u00f3s a divulga\u00e7\u00e3o do resultado do julgamento, o Manchester City emitiu um breve comunicado em seu site oficial, agradecendo ao CAS por solucionar o caso:<\/span><\/p>\n<p><span style=\"font-weight: 400;\">\u201c<\/span><i><span style=\"font-weight: 400;\">Na pend\u00eancia de analisar em detalhes a resolu\u00e7\u00e3o do Tribunal de Arbitragem do Esporte (TAS) o mais r\u00e1pido poss\u00edvel, o Manchester City deseja expressar a sua satisfa\u00e7\u00e3o com a resolu\u00e7\u00e3o que valida a posi\u00e7\u00e3o do clube e as evid\u00eancias apresentadas. O clube deseja agradecer ao TAS e aos membros do painel de \u00e1rbitros por sua dilig\u00eancia neste procedimento.&#8221;<\/span><\/i><\/p>\n<p><b>Como funciona as regras do fair play financeiro<\/b><\/p>\n<p><span style=\"font-weight: 400;\">O regulamento foi aprovado pela UEFA em 2010, mas foi efetivado em 2011, com objetivo de visar a melhoria da situa\u00e7\u00e3o financeira de todos os clubes da europa e consequentemente equilibrar os gastos. Ou seja, eles n\u00e3o podem gastar mais do que arrecadam.<\/span><\/p>\n<p><b>Princ\u00edpios b\u00e1sicos<\/b><\/p>\n<ul>\n<li style=\"font-weight: 400;\"><span style=\"font-weight: 400;\">Sem calote: os clubes que disputam as competi\u00e7\u00f5es da UEFA devem apresentar documentos que n\u00e3o apontam d\u00edvidas pendentes;<\/span><\/li>\n<li style=\"font-weight: 400;\"><span style=\"font-weight: 400;\">Controle de gastos: o clube n\u00e3o pode gastar \u20ac 5 milh\u00f5es al\u00e9m do que arrecada por per\u00edodo de avalia\u00e7\u00e3o, que \u00e9 de tr\u00eas anos. No caso de clubes cujos donos tenham patrim\u00f4nio como garantia para fazer o pagamento, o valor pode chegar a \u20ac 30 milh\u00f5es.\u00a0<\/span><\/li>\n<li style=\"font-weight: 400;\"><span style=\"font-weight: 400;\">Investimento sustent\u00e1vel: A entidade monitora clubes que tenham tido inje\u00e7\u00e3o suspeita de dinheiro, mas, ao mesmo tempo, controla aqueles times com dificuldades estruturais.<\/span><\/li>\n<\/ul>\n<p><b>Puni\u00e7\u00f5es poss\u00edveis<\/b><\/p>\n<ul>\n<li style=\"font-weight: 400;\"><span style=\"font-weight: 400;\">Advert\u00eancia<\/span><\/li>\n<li style=\"font-weight: 400;\"><span style=\"font-weight: 400;\">Repreens\u00e3o<\/span><\/li>\n<li style=\"font-weight: 400;\"><span style=\"font-weight: 400;\">Multa<\/span><\/li>\n<li style=\"font-weight: 400;\"><span style=\"font-weight: 400;\">Dedu\u00e7\u00e3o de pontos<\/span><\/li>\n<li style=\"font-weight: 400;\"><span style=\"font-weight: 400;\">Reten\u00e7\u00e3o das receitas de uma competi\u00e7\u00e3o da Uefa<\/span><\/li>\n<li style=\"font-weight: 400;\"><span style=\"font-weight: 400;\">Proibi\u00e7\u00e3o de inscri\u00e7\u00e3o de novos jogadores nas competi\u00e7\u00f5es da Uefa<\/span><\/li>\n<li style=\"font-weight: 400;\"><span style=\"font-weight: 400;\">Restri\u00e7\u00e3o ao n\u00famero de jogadores que um clube pode inscrever para a participa\u00e7\u00e3o em competi\u00e7\u00f5es da Uefa, incluindo um limite financeiro sobre o custo total das despesas com sal\u00e1rios dos jogadores inscritos na lista principal para a participa\u00e7\u00e3o nas competi\u00e7\u00f5es europeias<\/span><\/li>\n<li style=\"font-weight: 400;\"><span style=\"font-weight: 400;\">Desqualifica\u00e7\u00e3o das competi\u00e7\u00f5es a decorrer e\/ou exclus\u00e3o de futuras competi\u00e7\u00f5es<\/span><\/li>\n<li style=\"font-weight: 400;\"><span style=\"font-weight: 400;\">Retirada de um t\u00edtulo ou pr\u00eamio<\/span><\/li>\n<\/ul>\n","protected":false},"excerpt":{"rendered":"<p>A Corte Arbitral do Esporte (CAS), anunciou nesta segunda-feira (13), a retirada da puni\u00e7\u00e3o imposta pela UEFA, na qual bania o Manchester City de disputar competi\u00e7\u00f5es europeias por dois anos. Al\u00e9m disso, o clube ingl\u00eas conseguiu reduzir valor da multa de 30 milh\u00f5es de euros para 10 milh\u00f5es de euros (cerca de R$ 60 milh\u00f5es). [&hellip;]<\/p>\n","protected":false},"author":96,"featured_media":164442,"comment_status":"closed","ping_status":"closed","sticky":false,"template":"","format":"standard","meta":{"footnotes":""},"categories":[436,257,439],"tags":[],"class_list":["post-164441","post","type-post","status-publish","format-standard","has-post-thumbnail","hentry","category-destaque-da-semana","category-esporte","category-ultima-hora"],"_links":{"self":[{"href":"https:\/\/diarioregionaldigital.com.br\/index.php?rest_route=\/wp\/v2\/posts\/164441","targetHints":{"allow":["GET"]}}],"collection":[{"href":"https:\/\/diarioregionaldigital.com.br\/index.php?rest_route=\/wp\/v2\/posts"}],"about":[{"href":"https:\/\/diarioregionaldigital.com.br\/index.php?rest_route=\/wp\/v2\/types\/post"}],"author":[{"embeddable":true,"href":"https:\/\/diarioregionaldigital.com.br\/index.php?rest_route=\/wp\/v2\/users\/96"}],"replies":[{"embeddable":true,"href":"https:\/\/diarioregionaldigital.com.br\/index.php?rest_route=%2Fwp%2Fv2%2Fcomments&post=164441"}],"version-history":[{"count":0,"href":"https:\/\/diarioregionaldigital.com.br\/index.php?rest_route=\/wp\/v2\/posts\/164441\/revisions"}],"wp:featuredmedia":[{"embeddable":true,"href":"https:\/\/diarioregionaldigital.com.br\/index.php?rest_route=\/wp\/v2\/media\/164442"}],"wp:attachment":[{"href":"https:\/\/diarioregionaldigital.com.br\/index.php?rest_route=%2Fwp%2Fv2%2Fmedia&parent=164441"}],"wp:term":[{"taxonomy":"category","embeddable":true,"href":"https:\/\/diarioregionaldigital.com.br\/index.php?rest_route=%2Fwp%2Fv2%2Fcategories&post=164441"},{"taxonomy":"post_tag","embeddable":true,"href":"https:\/\/diarioregionaldigital.com.br\/index.php?rest_route=%2Fwp%2Fv2%2Ftags&post=164441"}],"curies":[{"name":"wp","href":"https:\/\/api.w.org\/{rel}","templated":true}]}}