{"id":164438,"date":"2020-07-13T14:04:43","date_gmt":"2020-07-13T17:04:43","guid":{"rendered":"https:\/\/diarioregionaldigital.com.br\/?p=164438"},"modified":"2020-07-13T14:04:43","modified_gmt":"2020-07-13T17:04:43","slug":"boxe-levara-11-atletas-para-treinar-em-portugal-na-missao-europa","status":"publish","type":"post","link":"https:\/\/diarioregionaldigital.com.br\/?p=164438","title":{"rendered":"Boxe levar\u00e1 11 atletas para treinar em Portugal na Miss\u00e3o Europa"},"content":{"rendered":"<p><span style=\"font-weight: 400;\">A CBBoxe est\u00e1 trabalhando duro para que ocorra tudo bem com a participa\u00e7\u00e3o do Boxe na Miss\u00e3o Europa planejada pelo COB. A equipe composta por 11 atletas e dois treinadores, que deve embarcar na sexta-feira, dia 17 de julho, far\u00e1 a sua prepara\u00e7\u00e3o no Complexo Desportivo Rio Maior, que foi especialmente preparado pelo COB para o Boxe do Brasil. O complexo fica na cidade que d\u00e1 nome ao Complexo. O retorno est\u00e1 previsto para ocorrer entre os dias 15 e 22 agosto.<\/span><\/p>\n<p><span style=\"font-weight: 400;\">Enfim a equipe do Boxe voltar\u00e1 a treinar em conjunto, firme no prop\u00f3sito de manter a nossa posi\u00e7\u00e3o entre as pot\u00eancias da modalidade com uma grande atua\u00e7\u00e3o nos Jogos Ol\u00edmpicos de T\u00f3quio, no ano que vem.<\/span><\/p>\n<p><span style=\"font-weight: 400;\">Ap\u00f3s receber autoriza\u00e7\u00e3o do Governo de Portugal, atrav\u00e9s de intermedia\u00e7\u00e3o do Comit\u00ea Ol\u00edmpico local, o COB enviar\u00e1 delega\u00e7\u00f5es esportivas ao pa\u00eds europeu, seguindo um rigoroso protocolo de combate \u00e0 contamina\u00e7\u00e3o do novo coronav\u00edrus.<\/span><\/p>\n<p><span style=\"font-weight: 400;\">Para conseguir realizar a opera\u00e7\u00e3o, o COB desenvolveu protocolos r\u00edgidos de controle contra a contamina\u00e7\u00e3o da Covid-19. Todos os integrantes da delega\u00e7\u00e3o ser\u00e3o testados at\u00e9 72 horas antes do embarque, s\u00f3 podendo viajar caso apresentem resultado negativo para o PCR. Assim que chegarem a Portugal, eles repetir\u00e3o o procedimento e permanecer\u00e3o em isolamento por 48 horas, at\u00e9 a divulga\u00e7\u00e3o do resultado da sorologia, quando estar\u00e3o liberados para os treinamentos esportivos. Al\u00e9m disso, uma terceira testagem est\u00e1 prevista antes do regresso de cada atleta ou oficial ao Brasil.<\/span><\/p>\n<p><span style=\"font-weight: 400;\">Portugal foi escolhido como destino principal do Time Brasil na Europa, tendo em vista que o pa\u00eds se encontra em um est\u00e1gio avan\u00e7ado da conten\u00e7\u00e3o da pandemia do novo coronav\u00edrus, al\u00e9m do bom relacionamento do COB com o Comit\u00ea Ol\u00edmpico de Portugal (COP).<\/span><\/p>\n<p><strong>Fonte:<\/strong> COB<\/p>\n","protected":false},"excerpt":{"rendered":"<p>A CBBoxe est\u00e1 trabalhando duro para que ocorra tudo bem com a participa\u00e7\u00e3o do Boxe na Miss\u00e3o Europa planejada pelo COB. A equipe composta por 11 atletas e dois treinadores, que deve embarcar na sexta-feira, dia 17 de julho, far\u00e1 a sua prepara\u00e7\u00e3o no Complexo Desportivo Rio Maior, que foi especialmente preparado pelo COB para [&hellip;]<\/p>\n","protected":false},"author":96,"featured_media":164439,"comment_status":"closed","ping_status":"closed","sticky":false,"template":"","format":"standard","meta":{"footnotes":""},"categories":[436,257,439],"tags":[],"class_list":["post-164438","post","type-post","status-publish","format-standard","has-post-thumbnail","hentry","category-destaque-da-semana","category-esporte","category-ultima-hora"],"_links":{"self":[{"href":"https:\/\/diarioregionaldigital.com.br\/index.php?rest_route=\/wp\/v2\/posts\/164438","targetHints":{"allow":["GET"]}}],"collection":[{"href":"https:\/\/diarioregionaldigital.com.br\/index.php?rest_route=\/wp\/v2\/posts"}],"about":[{"href":"https:\/\/diarioregionaldigital.com.br\/index.php?rest_route=\/wp\/v2\/types\/post"}],"author":[{"embeddable":true,"href":"https:\/\/diarioregionaldigital.com.br\/index.php?rest_route=\/wp\/v2\/users\/96"}],"replies":[{"embeddable":true,"href":"https:\/\/diarioregionaldigital.com.br\/index.php?rest_route=%2Fwp%2Fv2%2Fcomments&post=164438"}],"version-history":[{"count":0,"href":"https:\/\/diarioregionaldigital.com.br\/index.php?rest_route=\/wp\/v2\/posts\/164438\/revisions"}],"wp:featuredmedia":[{"embeddable":true,"href":"https:\/\/diarioregionaldigital.com.br\/index.php?rest_route=\/wp\/v2\/media\/164439"}],"wp:attachment":[{"href":"https:\/\/diarioregionaldigital.com.br\/index.php?rest_route=%2Fwp%2Fv2%2Fmedia&parent=164438"}],"wp:term":[{"taxonomy":"category","embeddable":true,"href":"https:\/\/diarioregionaldigital.com.br\/index.php?rest_route=%2Fwp%2Fv2%2Fcategories&post=164438"},{"taxonomy":"post_tag","embeddable":true,"href":"https:\/\/diarioregionaldigital.com.br\/index.php?rest_route=%2Fwp%2Fv2%2Ftags&post=164438"}],"curies":[{"name":"wp","href":"https:\/\/api.w.org\/{rel}","templated":true}]}}