{"id":164435,"date":"2020-07-13T13:43:31","date_gmt":"2020-07-13T16:43:31","guid":{"rendered":"https:\/\/diarioregionaldigital.com.br\/?p=164435"},"modified":"2020-07-13T13:43:31","modified_gmt":"2020-07-13T16:43:31","slug":"fiocruz-e-dois-hospitais-devem-criar-protocolos-para-eleicoes-diz-tse","status":"publish","type":"post","link":"https:\/\/diarioregionaldigital.com.br\/?p=164435","title":{"rendered":"Fiocruz e dois hospitais devem criar protocolos para elei\u00e7\u00f5es, diz TSE"},"content":{"rendered":"<p>O Tribunal Superior Eleitoral (TSE) anunciou hoje (13) um acordo para que a Funda\u00e7\u00e3o Oswald Cruz (Fiocruz) e os hospitais S\u00edrio Liban\u00eas e Albert Einstein participem na elabora\u00e7\u00e3o de um protocolo de seguran\u00e7a para a realiza\u00e7\u00e3o das elei\u00e7\u00f5es municipais de novembro, tendo em vista a pandemia de covid-19.<img decoding=\"async\" src=\"https:\/\/agenciabrasil.ebc.com.br\/ebc.png?id=1311426&amp;o=node\" \/><\/p>\n<p>As institui\u00e7\u00f5es devem avaliar todos os riscos de cont\u00e1gio e \u00e0 sa\u00fade p\u00fablica durante a vota\u00e7\u00e3o, e desenvolver em seguida os protocolos sanit\u00e1rios e ambientais para a realiza\u00e7\u00e3o da vota\u00e7\u00e3o no cen\u00e1rio da pandemia.<\/p>\n<p>Segundo o presidente do TSE, ministro Lu\u00eds Roberto Barroso, n\u00e3o haver\u00e1 custo aos cofres p\u00fablicos pelo servi\u00e7o, que ser\u00e1 uma ajuda \u201cpatri\u00f3tica\u201d, prestada \u201cgraciosamente\u201d, conforme escreveu ele em of\u00edcio dirigido \u00e0s institui\u00e7\u00f5es.<\/p>\n<p>Em virtude da pandemia, o\u00a0Congresso\u00a0promulgou h\u00e1 duas semanas uma emenda \u00e0 Constitui\u00e7\u00e3o que adiou o primeiro turno das elei\u00e7\u00f5es municipais de 04 de outubro para 15 de novembro. O segundo turno foi alterado de 25 de outubro para 29 de novembro.<\/p>\n<p><strong>Fonte:<\/strong> Ag\u00eancia Brasil<\/p>\n","protected":false},"excerpt":{"rendered":"<p>O Tribunal Superior Eleitoral (TSE) anunciou hoje (13) um acordo para que a Funda\u00e7\u00e3o Oswald Cruz (Fiocruz) e os hospitais S\u00edrio Liban\u00eas e Albert Einstein participem na elabora\u00e7\u00e3o de um protocolo de seguran\u00e7a para a realiza\u00e7\u00e3o das elei\u00e7\u00f5es municipais de novembro, tendo em vista a pandemia de covid-19. As institui\u00e7\u00f5es devem avaliar todos os riscos [&hellip;]<\/p>\n","protected":false},"author":96,"featured_media":164436,"comment_status":"closed","ping_status":"closed","sticky":false,"template":"","format":"standard","meta":{"footnotes":""},"categories":[436,254,439],"tags":[],"class_list":["post-164435","post","type-post","status-publish","format-standard","has-post-thumbnail","hentry","category-destaque-da-semana","category-politica","category-ultima-hora"],"_links":{"self":[{"href":"https:\/\/diarioregionaldigital.com.br\/index.php?rest_route=\/wp\/v2\/posts\/164435","targetHints":{"allow":["GET"]}}],"collection":[{"href":"https:\/\/diarioregionaldigital.com.br\/index.php?rest_route=\/wp\/v2\/posts"}],"about":[{"href":"https:\/\/diarioregionaldigital.com.br\/index.php?rest_route=\/wp\/v2\/types\/post"}],"author":[{"embeddable":true,"href":"https:\/\/diarioregionaldigital.com.br\/index.php?rest_route=\/wp\/v2\/users\/96"}],"replies":[{"embeddable":true,"href":"https:\/\/diarioregionaldigital.com.br\/index.php?rest_route=%2Fwp%2Fv2%2Fcomments&post=164435"}],"version-history":[{"count":0,"href":"https:\/\/diarioregionaldigital.com.br\/index.php?rest_route=\/wp\/v2\/posts\/164435\/revisions"}],"wp:featuredmedia":[{"embeddable":true,"href":"https:\/\/diarioregionaldigital.com.br\/index.php?rest_route=\/wp\/v2\/media\/164436"}],"wp:attachment":[{"href":"https:\/\/diarioregionaldigital.com.br\/index.php?rest_route=%2Fwp%2Fv2%2Fmedia&parent=164435"}],"wp:term":[{"taxonomy":"category","embeddable":true,"href":"https:\/\/diarioregionaldigital.com.br\/index.php?rest_route=%2Fwp%2Fv2%2Fcategories&post=164435"},{"taxonomy":"post_tag","embeddable":true,"href":"https:\/\/diarioregionaldigital.com.br\/index.php?rest_route=%2Fwp%2Fv2%2Ftags&post=164435"}],"curies":[{"name":"wp","href":"https:\/\/api.w.org\/{rel}","templated":true}]}}