{"id":164432,"date":"2020-07-13T13:41:18","date_gmt":"2020-07-13T16:41:18","guid":{"rendered":"https:\/\/diarioregionaldigital.com.br\/?p=164432"},"modified":"2020-07-13T13:41:18","modified_gmt":"2020-07-13T16:41:18","slug":"apos-dois-meses-seguidos-de-deflacao-ipca-tem-alta-de-026-em-junho","status":"publish","type":"post","link":"https:\/\/diarioregionaldigital.com.br\/?p=164432","title":{"rendered":"Ap\u00f3s dois meses seguidos de defla\u00e7\u00e3o, IPCA tem alta de 0,26% em junho"},"content":{"rendered":"<p><span style=\"font-weight: 400;\">Ap\u00f3s dois meses seguidos de defla\u00e7\u00e3o, os pre\u00e7os no pa\u00eds voltaram a subir e registraram alta de 0,26% em junho, de acordo com o \u00cdndice Nacional de Pre\u00e7os ao Consumidor Amplo (IPCA), publicado pelo IBGE. A taxa foi influenciada pelo aumento nos pre\u00e7os dos combust\u00edveis ap\u00f3s redu\u00e7\u00f5es nos \u00faltimos quatro meses, em especial da gasolina, que teve o maior impacto individual (0,14 p.p.), com alta de 3,24%.<\/span><\/p>\n<p><span style=\"font-weight: 400;\">Ap\u00f3s as duas quedas consecutivas (0,31% e 0,38% em abril e maio, respectivamente) e com o aumento de junho, o IPCA acumula alta de 0,10% no ano e de 2,13% em 12 meses.<\/span><\/p>\n<p><span style=\"font-weight: 400;\">Dos nove grupos de produtos e servi\u00e7os pesquisados, sete apresentaram alta no m\u00eas. Transportes foi a segunda maior contribui\u00e7\u00e3o (0,06 p.p.), com pre\u00e7os que subiram 0,31%, mas que vinham de quatro meses consecutivos de queda. \u201cHouve uma alta nos pre\u00e7os dos combust\u00edveis que chegou nas bombas e impactou o consumidor final. Isso alterou o grupo de Transportes e influenciou no IPCA\u201d, detalha Pedro Kislanov, gerente da pesquisa.<\/span><\/p>\n<p><span style=\"font-weight: 400;\">Etanol (5,74%), o g\u00e1s veicular (1,01%) e o \u00f3leo diesel (0,04%) registraram alta, levando o pre\u00e7o dos combust\u00edveis a subir 3,37%, frente \u00e0 varia\u00e7\u00e3o de -4,56% registrada em maio.<\/span><\/p>\n<p><span style=\"font-weight: 400;\">Entre as quedas do grupo de Transportes, os destaques foram as passagens a\u00e9reas (-26,01%), que apresentaram varia\u00e7\u00e3o similar \u00e0 observada em maio (-27,14%) e contribu\u00edram com o maior impacto individual negativo no IPCA de junho (-0,11 p.p.). Al\u00e9m disso, o item transporte por aplicativo, ap\u00f3s alta de 5,01% em maio, registrou -13,95% de varia\u00e7\u00e3o. J\u00e1 o resultado do subitem metr\u00f4 (1,43%) reflete o reajuste de 8,70% nas passagens do Rio de Janeiro (5,22%), vigente desde 11 de junho, enquanto a queda no subitem t\u00e1xi (-0,35%), por sua vez, decorre do cancelamento, a partir de 22 de maio, do reajuste ocorrido no Rio de Janeiro (-1,64%) em janeiro.<\/span><\/p>\n<p><b>Alimentos voltam a subir<\/b><\/p>\n<p><span style=\"font-weight: 400;\">O grupo com maior impacto do resultado do IPCA de junho foi Alimenta\u00e7\u00e3o e bebidas (0,38%), que aumentou em rela\u00e7\u00e3o ao resultado de maio (0,24%). Este conjunto de itens, no entanto, j\u00e1 vinha de uma sequ\u00eancia de alta, que est\u00e1 em parte ligada \u00e0 demanda elevada durante a pandemia do Covid-19.<\/span><\/p>\n<p><span style=\"font-weight: 400;\">\u201cAs medidas de isolamento social, que fizeram as pessoas cozinharem mais em casa, por exemplo, ainda est\u00e3o em vigor em boa parte do pa\u00eds. Isso gera um efeito de demanda e mant\u00e9m os pre\u00e7os em patamar mais elevado\u201d, explica Kislanov. Um exemplo \u00e9 o item alimentos para consumo no domic\u00edlio, que passou de 0,33% em maio para 0,45% em junho, influenciado principalmente pela alta nos pre\u00e7os das carnes (1,19%) e do leite longa vida (2,33%).<\/span><\/p>\n<p><span style=\"font-weight: 400;\">Outros itens importantes na cesta de consumo das fam\u00edlias, como o arroz (2,74%), o feij\u00e3o-carioca (4,96%) e o queijo (2,48%) tamb\u00e9m registraram alta. Entre as quedas do grupo, os destaques foram o tomate (-15,04%) e a cenoura (-8,88%), cujos pre\u00e7os j\u00e1 haviam recuado em maio (-7,34% e -14,95%, respectivamente).<\/span><\/p>\n<p><span style=\"font-weight: 400;\">Ainda neste grupo, destaca-se tamb\u00e9m a alimenta\u00e7\u00e3o fora do domic\u00edlio, que acelerou na passagem de maio (0,04%) para junho (0,22%), especialmente por conta do item lanche (1,01%). A refei\u00e7\u00e3o (-0,07%), por sua vez, apresentou queda menos intensa na compara\u00e7\u00e3o com maio (-0,34%).<\/span><\/p>\n<p><span style=\"font-weight: 400;\">J\u00e1 o grupo que registrou a maior varia\u00e7\u00e3o positiva no IPCA de junho foi Artigos de resid\u00eancia (1,30%), em fun\u00e7\u00e3o da alta dos eletrodom\u00e9sticos e equipamentos (2,92%) e dos artigos de tv, som e inform\u00e1tica (3,80%). \u201cO d\u00f3lar alto pressiona os pre\u00e7os desses produtos\u201d, explica Kislanov. Neste grupo, os itens de mobili\u00e1rio (-1,33%) seguem em queda, embora a varia\u00e7\u00e3o tenha sido menos intensa que a observada em maio (-3,17%).<\/span><\/p>\n<p><span style=\"font-weight: 400;\">O grupo Sa\u00fade e cuidados pessoais (0,35%) tamb\u00e9m apresentou alta relevante para o IPCA de junho. No lado das quedas, destaca-se a varia\u00e7\u00e3o de Vestu\u00e1rio (-0,46%), que contribuiu com -0,02 p.p. no \u00edndice de junho. Os demais grupos ficaram entre a queda de 0,05% ocorrida em Despesas pessoais e a alta de 0,75% registrada no setor de Comunica\u00e7\u00e3o.<\/span><\/p>\n<p><span style=\"font-weight: 400;\">Em rela\u00e7\u00e3o aos \u00edndices regionais, quatro das 16 \u00e1reas pesquisadas apresentaram defla\u00e7\u00e3o em junho, sendo o menor \u00edndice para o munic\u00edpio de S\u00e3o Lu\u00eds (-0,35%) e o maior registrado na regi\u00e3o metropolitana de Curitiba (0,80%).<\/span><\/p>\n<p><span style=\"font-weight: 400;\">Por causa do quadro de emerg\u00eancia de sa\u00fade p\u00fablica causado pela Covid-19, o IBGE suspendeu, no dia 18 de mar\u00e7o, a coleta presencial de pre\u00e7os nos locais de compra. A partir dessa data, os pre\u00e7os passaram a ser coletados por outros meios, como pesquisas realizadas em sites de internet, por telefone ou por e-mail. Para o c\u00e1lculo do \u00edndice do m\u00eas de junho, foram comparados os pre\u00e7os coletados no per\u00edodo 29 de maio a 30 de junho de 2020 (refer\u00eancia) com os pre\u00e7os vigentes no per\u00edodo de 30 de abril a 28 de maio de 2020 (base).<\/span><\/p>\n<p><strong>Fonte:<\/strong> Ag\u00eancia IBGE<\/p>\n","protected":false},"excerpt":{"rendered":"<p>Ap\u00f3s dois meses seguidos de defla\u00e7\u00e3o, os pre\u00e7os no pa\u00eds voltaram a subir e registraram alta de 0,26% em junho, de acordo com o \u00cdndice Nacional de Pre\u00e7os ao Consumidor Amplo (IPCA), publicado pelo IBGE. A taxa foi influenciada pelo aumento nos pre\u00e7os dos combust\u00edveis ap\u00f3s redu\u00e7\u00f5es nos \u00faltimos quatro meses, em especial da gasolina, [&hellip;]<\/p>\n","protected":false},"author":96,"featured_media":164433,"comment_status":"closed","ping_status":"closed","sticky":false,"template":"","format":"standard","meta":{"footnotes":""},"categories":[436,261,439],"tags":[],"class_list":["post-164432","post","type-post","status-publish","format-standard","has-post-thumbnail","hentry","category-destaque-da-semana","category-economia","category-ultima-hora"],"_links":{"self":[{"href":"https:\/\/diarioregionaldigital.com.br\/index.php?rest_route=\/wp\/v2\/posts\/164432","targetHints":{"allow":["GET"]}}],"collection":[{"href":"https:\/\/diarioregionaldigital.com.br\/index.php?rest_route=\/wp\/v2\/posts"}],"about":[{"href":"https:\/\/diarioregionaldigital.com.br\/index.php?rest_route=\/wp\/v2\/types\/post"}],"author":[{"embeddable":true,"href":"https:\/\/diarioregionaldigital.com.br\/index.php?rest_route=\/wp\/v2\/users\/96"}],"replies":[{"embeddable":true,"href":"https:\/\/diarioregionaldigital.com.br\/index.php?rest_route=%2Fwp%2Fv2%2Fcomments&post=164432"}],"version-history":[{"count":0,"href":"https:\/\/diarioregionaldigital.com.br\/index.php?rest_route=\/wp\/v2\/posts\/164432\/revisions"}],"wp:featuredmedia":[{"embeddable":true,"href":"https:\/\/diarioregionaldigital.com.br\/index.php?rest_route=\/wp\/v2\/media\/164433"}],"wp:attachment":[{"href":"https:\/\/diarioregionaldigital.com.br\/index.php?rest_route=%2Fwp%2Fv2%2Fmedia&parent=164432"}],"wp:term":[{"taxonomy":"category","embeddable":true,"href":"https:\/\/diarioregionaldigital.com.br\/index.php?rest_route=%2Fwp%2Fv2%2Fcategories&post=164432"},{"taxonomy":"post_tag","embeddable":true,"href":"https:\/\/diarioregionaldigital.com.br\/index.php?rest_route=%2Fwp%2Fv2%2Ftags&post=164432"}],"curies":[{"name":"wp","href":"https:\/\/api.w.org\/{rel}","templated":true}]}}