{"id":164429,"date":"2020-07-13T13:35:45","date_gmt":"2020-07-13T16:35:45","guid":{"rendered":"https:\/\/diarioregionaldigital.com.br\/?p=164429"},"modified":"2020-07-13T20:10:33","modified_gmt":"2020-07-13T23:10:33","slug":"michelle-bolsonaro-diz-que-esta-com-covid-19","status":"publish","type":"post","link":"https:\/\/diarioregionaldigital.com.br\/?p=164429","title":{"rendered":"Michelle Bolsonaro diz que testou negativo para covid-19"},"content":{"rendered":"<p><span style=\"font-weight: 400;\">A primeira-dama Michelle Bolsonaro afirmou nesse fim de semana, por meio de sua conta no Instagram, que ela e suas duas filhas testaram negativo nos exames para covid-19. As tr\u00eas se submeteram ao exame ap\u00f3s o presidente Jair Bolsonaro ter anunciado que contraiu a doen\u00e7a provocada pelo novo coronav\u00edrus. <\/span><\/p>\n<p><span style=\"font-weight: 400;\">De acordo com a imagem postada na rede social, o exame realizado por Michelle e suas filhas foi o tipo RT \u2013 PCR, realizado em pacientes considerados com quadro suspeito ou prov\u00e1vel da doen\u00e7a, de acordo com a indica\u00e7\u00e3o m\u00e9dica. De acordo com os crit\u00e9rios da Organiza\u00e7\u00e3o Mundial da Sa\u00fade (OMS), s\u00e3o esses testes que determinam de forma mais confi\u00e1vel se a pessoa tem ou n\u00e3o covid-19.<\/span><\/p>\n<p><span style=\"font-weight: 400;\">Jair Bolsonaro est\u00e1 sendo acompanhado pela equipe m\u00e9dica da Presid\u00eancia da Rep\u00fablica. Desde que recebeu o resultado positivo para covid-19 na ter\u00e7a-feira (7), o presidente mant\u00e9m isolamento no Pal\u00e1cio do Alvorada, resid\u00eancia oficial, e tem despachado com ministros e outros auxiliares por meio de videoconfer\u00eancia. O presidente tamb\u00e9m cancelou viagens que estavam previstas esta semana para a Bahia e para Minas Gerais.\u00a0<\/span><\/p>\n<p><strong>Fonte:<\/strong> Ag\u00eancia Brasil<\/p>\n","protected":false},"excerpt":{"rendered":"<p>A primeira-dama Michelle Bolsonaro afirmou nesse fim de semana, por meio de sua conta no Instagram, que ela e suas duas filhas testaram negativo nos exames para covid-19. As tr\u00eas se submeteram ao exame ap\u00f3s o presidente Jair Bolsonaro ter anunciado que contraiu a doen\u00e7a provocada pelo novo coronav\u00edrus. De acordo com a imagem postada [&hellip;]<\/p>\n","protected":false},"author":96,"featured_media":164430,"comment_status":"closed","ping_status":"closed","sticky":false,"template":"","format":"standard","meta":{"footnotes":""},"categories":[436,440,254,439],"tags":[],"class_list":["post-164429","post","type-post","status-publish","format-standard","has-post-thumbnail","hentry","category-destaque-da-semana","category-destaques-do-dia","category-politica","category-ultima-hora"],"_links":{"self":[{"href":"https:\/\/diarioregionaldigital.com.br\/index.php?rest_route=\/wp\/v2\/posts\/164429","targetHints":{"allow":["GET"]}}],"collection":[{"href":"https:\/\/diarioregionaldigital.com.br\/index.php?rest_route=\/wp\/v2\/posts"}],"about":[{"href":"https:\/\/diarioregionaldigital.com.br\/index.php?rest_route=\/wp\/v2\/types\/post"}],"author":[{"embeddable":true,"href":"https:\/\/diarioregionaldigital.com.br\/index.php?rest_route=\/wp\/v2\/users\/96"}],"replies":[{"embeddable":true,"href":"https:\/\/diarioregionaldigital.com.br\/index.php?rest_route=%2Fwp%2Fv2%2Fcomments&post=164429"}],"version-history":[{"count":0,"href":"https:\/\/diarioregionaldigital.com.br\/index.php?rest_route=\/wp\/v2\/posts\/164429\/revisions"}],"wp:featuredmedia":[{"embeddable":true,"href":"https:\/\/diarioregionaldigital.com.br\/index.php?rest_route=\/wp\/v2\/media\/164430"}],"wp:attachment":[{"href":"https:\/\/diarioregionaldigital.com.br\/index.php?rest_route=%2Fwp%2Fv2%2Fmedia&parent=164429"}],"wp:term":[{"taxonomy":"category","embeddable":true,"href":"https:\/\/diarioregionaldigital.com.br\/index.php?rest_route=%2Fwp%2Fv2%2Fcategories&post=164429"},{"taxonomy":"post_tag","embeddable":true,"href":"https:\/\/diarioregionaldigital.com.br\/index.php?rest_route=%2Fwp%2Fv2%2Ftags&post=164429"}],"curies":[{"name":"wp","href":"https:\/\/api.w.org\/{rel}","templated":true}]}}