{"id":164422,"date":"2020-07-13T11:16:41","date_gmt":"2020-07-13T14:16:41","guid":{"rendered":"https:\/\/diarioregionaldigital.com.br\/?p=164422"},"modified":"2020-07-13T11:16:41","modified_gmt":"2020-07-13T14:16:41","slug":"com-auxilio-de-cao-farejador-pm-localiza-drogas-no-grajau","status":"publish","type":"post","link":"https:\/\/diarioregionaldigital.com.br\/?p=164422","title":{"rendered":"Com aux\u00edlio de c\u00e3o farejador, PM localiza drogas no Graja\u00fa"},"content":{"rendered":"<p>A Pol\u00edcia Militar (PM), realizava um patrulhamento pelo Bairro Graja\u00fa (Regi\u00e3o Leste) em Juiz de Fora, quando em um determinado momento avistou dois indiv\u00edduos em atitude suspeita e ao notarem a presen\u00e7a policial, empreenderam fuga e n\u00e3o foram localizados. Durante buscas pelo local, foi necess\u00e1rio acionamento de c\u00e3o farejador e foram encontrados uma barra e duas por\u00e7\u00f5es de maconha e uma balan\u00e7a de precis\u00e3o. Materiais recolhidos e encaminhados para a Delegacia.<\/p>\n","protected":false},"excerpt":{"rendered":"<p>A Pol\u00edcia Militar (PM), realizava um patrulhamento pelo Bairro Graja\u00fa (Regi\u00e3o Leste) em Juiz de Fora, quando em um determinado momento avistou dois indiv\u00edduos em atitude suspeita e ao notarem a presen\u00e7a policial, empreenderam fuga e n\u00e3o foram localizados. Durante buscas pelo local, foi necess\u00e1rio acionamento de c\u00e3o farejador e foram encontrados uma barra e [&hellip;]<\/p>\n","protected":false},"author":96,"featured_media":164423,"comment_status":"closed","ping_status":"closed","sticky":false,"template":"","format":"standard","meta":{"footnotes":""},"categories":[301,436,439],"tags":[],"class_list":["post-164422","post","type-post","status-publish","format-standard","has-post-thumbnail","hentry","category-artigos-policiais","category-destaque-da-semana","category-ultima-hora"],"_links":{"self":[{"href":"https:\/\/diarioregionaldigital.com.br\/index.php?rest_route=\/wp\/v2\/posts\/164422","targetHints":{"allow":["GET"]}}],"collection":[{"href":"https:\/\/diarioregionaldigital.com.br\/index.php?rest_route=\/wp\/v2\/posts"}],"about":[{"href":"https:\/\/diarioregionaldigital.com.br\/index.php?rest_route=\/wp\/v2\/types\/post"}],"author":[{"embeddable":true,"href":"https:\/\/diarioregionaldigital.com.br\/index.php?rest_route=\/wp\/v2\/users\/96"}],"replies":[{"embeddable":true,"href":"https:\/\/diarioregionaldigital.com.br\/index.php?rest_route=%2Fwp%2Fv2%2Fcomments&post=164422"}],"version-history":[{"count":0,"href":"https:\/\/diarioregionaldigital.com.br\/index.php?rest_route=\/wp\/v2\/posts\/164422\/revisions"}],"wp:featuredmedia":[{"embeddable":true,"href":"https:\/\/diarioregionaldigital.com.br\/index.php?rest_route=\/wp\/v2\/media\/164423"}],"wp:attachment":[{"href":"https:\/\/diarioregionaldigital.com.br\/index.php?rest_route=%2Fwp%2Fv2%2Fmedia&parent=164422"}],"wp:term":[{"taxonomy":"category","embeddable":true,"href":"https:\/\/diarioregionaldigital.com.br\/index.php?rest_route=%2Fwp%2Fv2%2Fcategories&post=164422"},{"taxonomy":"post_tag","embeddable":true,"href":"https:\/\/diarioregionaldigital.com.br\/index.php?rest_route=%2Fwp%2Fv2%2Ftags&post=164422"}],"curies":[{"name":"wp","href":"https:\/\/api.w.org\/{rel}","templated":true}]}}