{"id":164407,"date":"2020-07-13T10:32:44","date_gmt":"2020-07-13T13:32:44","guid":{"rendered":"https:\/\/diarioregionaldigital.com.br\/?p=164407"},"modified":"2020-07-13T10:32:44","modified_gmt":"2020-07-13T13:32:44","slug":"flamengo-vence-o-fluminense-por-2-a-1-e-abre-vantagem-na-final-do-carioca","status":"publish","type":"post","link":"https:\/\/diarioregionaldigital.com.br\/?p=164407","title":{"rendered":"Flamengo vence o Fluminense por 2 a 1 e abre vantagem na final do Carioca"},"content":{"rendered":"<p>Na primeira partida da final do Campeonato Carioca, disputada neste domingo (12), no Maracan\u00e3, o Flamengo venceu o Fluminense por 2 a 1. Pedro e Michael marcaram os gols do Rubro-Negro no confronto. Com o resultado, o rubro-negro ter\u00e1 a vantagem do empate no segundo jogo da decis\u00e3o.<\/p>\n<p><b>O JOGO<\/b><\/p>\n<p>A partida come\u00e7ou com os dois times se estudando bastante, com o Fluminense exercendo forte marca\u00e7\u00e3o. Aos 15 minutos, o Meng\u00e3o levou perigo. Arrascaeta avan\u00e7ou com a bola dominada e abriu na direita para Gabigol. O camisa 9 dominou, ajeitou para o meio e bateu firme para grande defesa de Muriel. O time rubro-negro tocava a bola de p\u00e9 em p\u00e9 para tentar arrumar um espaa\u00e7o na defesa advers\u00e1ria.<\/p>\n<p>De tanto insistir, o Mais Querido abriu o placar aos 29&#8242;. Vitinho tocou para Arrascaeta, que passou Diego, que, de primeira, achou Pedro livre no bico da grande \u00e1rea. O atacante bateu de chapa para o fundo das redes: 1 a 0. O primeiro tempo terminou com o Rubro-Negro em vantagem.<\/p>\n<p>Na volta para a segunda etapa, o Fluminense voltou melhor e levou perigo aos 6 minutos, numa bomba de Dodi de fora da \u00e1rea. Diego Alves, bem posicionado, espalmou para o lado. Aos 15&#8242;, a equipe tricolor empatou o jogo. Eg\u00eddio cruzou pela esquerda e Evanilson desviou para o gol: 1 a 1.<\/p>\n<p>Aos 28&#8242;, o Meng\u00e3o tomou \u00e0 frente do placar novamente! Rafinha lan\u00e7ou Gabigol em velocidade, que ganhou na disputa com Eg\u00eddio e cruzou rasteiro para a entrada da pequena \u00e1rea. Michael entrou sozinho para empurrar a bola para o fundo das redes: 2 a 1. O Fluminense ainda teve algumas oportunidades de gol, mas o Mais Querido conseguiu sair de campo com a vit\u00f3ria.<\/p>\n<p><b>E AGORA?<\/b><\/p>\n<p>O Rubro-Negro volta a campo na pr\u00f3xima quarta-feira (15) para encarar novamente o Fluminense pela segunda partida da final do Campeonato Carioca. O cl\u00e1ssico ser\u00e1 disputado \u00e0s 21h, no Maracan\u00e3.<\/p>\n<p><b>ESCALA\u00c7\u00c3O DO FLAMENGO<\/b><\/p>\n<p>Diego Alves, Rafinha, Rodrigo Caio, Gustavo Henrique, Filipe Lu\u00eds; Willian Ar\u00e3o, Diego (Everton Ribeiro), De Arrascaeta (Michael), Vitinho (Gerson), Gabriel Barbosa; Pedro (Pedro Rocha).<\/p>\n<p><strong>Fonte:\u00a0<\/strong>Assessoria<\/p>\n","protected":false},"excerpt":{"rendered":"<p>Na primeira partida da final do Campeonato Carioca, disputada neste domingo (12), no Maracan\u00e3, o Flamengo venceu o Fluminense por 2 a 1. Pedro e Michael marcaram os gols do Rubro-Negro no confronto. Com o resultado, o rubro-negro ter\u00e1 a vantagem do empate no segundo jogo da decis\u00e3o. O JOGO A partida come\u00e7ou com os [&hellip;]<\/p>\n","protected":false},"author":96,"featured_media":164408,"comment_status":"closed","ping_status":"closed","sticky":false,"template":"","format":"standard","meta":{"footnotes":""},"categories":[436,257,439],"tags":[],"class_list":["post-164407","post","type-post","status-publish","format-standard","has-post-thumbnail","hentry","category-destaque-da-semana","category-esporte","category-ultima-hora"],"_links":{"self":[{"href":"https:\/\/diarioregionaldigital.com.br\/index.php?rest_route=\/wp\/v2\/posts\/164407","targetHints":{"allow":["GET"]}}],"collection":[{"href":"https:\/\/diarioregionaldigital.com.br\/index.php?rest_route=\/wp\/v2\/posts"}],"about":[{"href":"https:\/\/diarioregionaldigital.com.br\/index.php?rest_route=\/wp\/v2\/types\/post"}],"author":[{"embeddable":true,"href":"https:\/\/diarioregionaldigital.com.br\/index.php?rest_route=\/wp\/v2\/users\/96"}],"replies":[{"embeddable":true,"href":"https:\/\/diarioregionaldigital.com.br\/index.php?rest_route=%2Fwp%2Fv2%2Fcomments&post=164407"}],"version-history":[{"count":0,"href":"https:\/\/diarioregionaldigital.com.br\/index.php?rest_route=\/wp\/v2\/posts\/164407\/revisions"}],"wp:featuredmedia":[{"embeddable":true,"href":"https:\/\/diarioregionaldigital.com.br\/index.php?rest_route=\/wp\/v2\/media\/164408"}],"wp:attachment":[{"href":"https:\/\/diarioregionaldigital.com.br\/index.php?rest_route=%2Fwp%2Fv2%2Fmedia&parent=164407"}],"wp:term":[{"taxonomy":"category","embeddable":true,"href":"https:\/\/diarioregionaldigital.com.br\/index.php?rest_route=%2Fwp%2Fv2%2Fcategories&post=164407"},{"taxonomy":"post_tag","embeddable":true,"href":"https:\/\/diarioregionaldigital.com.br\/index.php?rest_route=%2Fwp%2Fv2%2Ftags&post=164407"}],"curies":[{"name":"wp","href":"https:\/\/api.w.org\/{rel}","templated":true}]}}