{"id":164404,"date":"2020-07-13T10:30:52","date_gmt":"2020-07-13T13:30:52","guid":{"rendered":"https:\/\/diarioregionaldigital.com.br\/?p=164404"},"modified":"2020-07-13T10:30:52","modified_gmt":"2020-07-13T13:30:52","slug":"covid-19-saude-confirma-50-510-casos-recuperados-no-estado","status":"publish","type":"post","link":"https:\/\/diarioregionaldigital.com.br\/?p=164404","title":{"rendered":"Covid-19: sa\u00fade confirma 50.510 casos recuperados no estado"},"content":{"rendered":"<p>O\u00a0boletim epidemiol\u00f3gico divulgado nesta segunda-feira (13) pela Secretaria de Estado da Sa\u00fade de Minas Gerais (SES-MG), aponta que o estado chega a marca de 50.510 casos recuperados do Coronav\u00edrus, representando 65,7% dos casos. Al\u00e9m disso, os casos confirmados chegam a 76.822 e at\u00e9 ent\u00e3o foram confirmados 1.615 \u00f3bitos. Conforme o levantamento 24.697 pacientes est\u00e3o sob acompanhamento m\u00e9dico. At\u00e9 ent\u00e3o foram feitos 53.076 testes laboratoriais, sendo que 11.364 deram positivo, 39.935 deram negativo e 1.004 est\u00e3o sob an\u00e1lise.<\/p>\n<p>Confira abaixo a tabela completa com os \u00f3bitos confirmados no estado:<\/p>\n<p><a href=\"https:\/\/diarioregionaldigital.com.br\/wp-content\/uploads\/2020\/07\/OBITOS_CONF_COVID-19_MG_13.07.2020.xls\">OBITOS_CONF_COVID-19_MG_13.07.2020<\/a><\/p>\n","protected":false},"excerpt":{"rendered":"<p>O\u00a0boletim epidemiol\u00f3gico divulgado nesta segunda-feira (13) pela Secretaria de Estado da Sa\u00fade de Minas Gerais (SES-MG), aponta que o estado chega a marca de 50.510 casos recuperados do Coronav\u00edrus, representando 65,7% dos casos. Al\u00e9m disso, os casos confirmados chegam a 76.822 e at\u00e9 ent\u00e3o foram confirmados 1.615 \u00f3bitos. Conforme o levantamento 24.697 pacientes est\u00e3o sob [&hellip;]<\/p>\n","protected":false},"author":96,"featured_media":161524,"comment_status":"closed","ping_status":"closed","sticky":false,"template":"","format":"standard","meta":{"footnotes":""},"categories":[436,440,252,439],"tags":[],"class_list":["post-164404","post","type-post","status-publish","format-standard","has-post-thumbnail","hentry","category-destaque-da-semana","category-destaques-do-dia","category-regiao","category-ultima-hora"],"_links":{"self":[{"href":"https:\/\/diarioregionaldigital.com.br\/index.php?rest_route=\/wp\/v2\/posts\/164404","targetHints":{"allow":["GET"]}}],"collection":[{"href":"https:\/\/diarioregionaldigital.com.br\/index.php?rest_route=\/wp\/v2\/posts"}],"about":[{"href":"https:\/\/diarioregionaldigital.com.br\/index.php?rest_route=\/wp\/v2\/types\/post"}],"author":[{"embeddable":true,"href":"https:\/\/diarioregionaldigital.com.br\/index.php?rest_route=\/wp\/v2\/users\/96"}],"replies":[{"embeddable":true,"href":"https:\/\/diarioregionaldigital.com.br\/index.php?rest_route=%2Fwp%2Fv2%2Fcomments&post=164404"}],"version-history":[{"count":0,"href":"https:\/\/diarioregionaldigital.com.br\/index.php?rest_route=\/wp\/v2\/posts\/164404\/revisions"}],"wp:featuredmedia":[{"embeddable":true,"href":"https:\/\/diarioregionaldigital.com.br\/index.php?rest_route=\/wp\/v2\/media\/161524"}],"wp:attachment":[{"href":"https:\/\/diarioregionaldigital.com.br\/index.php?rest_route=%2Fwp%2Fv2%2Fmedia&parent=164404"}],"wp:term":[{"taxonomy":"category","embeddable":true,"href":"https:\/\/diarioregionaldigital.com.br\/index.php?rest_route=%2Fwp%2Fv2%2Fcategories&post=164404"},{"taxonomy":"post_tag","embeddable":true,"href":"https:\/\/diarioregionaldigital.com.br\/index.php?rest_route=%2Fwp%2Fv2%2Ftags&post=164404"}],"curies":[{"name":"wp","href":"https:\/\/api.w.org\/{rel}","templated":true}]}}