{"id":164395,"date":"2020-07-12T00:13:36","date_gmt":"2020-07-12T03:13:36","guid":{"rendered":"https:\/\/diarioregionaldigital.com.br\/?p=164395"},"modified":"2020-07-11T20:18:47","modified_gmt":"2020-07-11T23:18:47","slug":"semana-de-moda-x-pandemia","status":"publish","type":"post","link":"https:\/\/diarioregionaldigital.com.br\/?p=164395","title":{"rendered":"SEMANA DE MODA x PANDEMIA"},"content":{"rendered":"<p>Em meio ao novo cen\u00e1rio de isolamento social, as <em>Fashion Weeks<\/em> tamb\u00e9m tiveram que se reinventar. Pela primeira vez na hist\u00f3ria, a Semana de Moda de Paris &#8211; cole\u00e7\u00f5es outono\/inverno 2020\/2021 &#8211; aconteceu em formato digital.\u00a0 \u00a0Praticamente todas as marcas de alta-costura aderiram ao novo formato, como Dior, Valentino, Chanel e Viktor &amp; Rolf. Tamb\u00e9m marcaram presen\u00e7a os desfiles masculinos de Louis Vuitton, Loewe, Yohji Yamamoto e Rick Owens. Para a \u00a0temporada do <em>pret-\u00e0-porter<\/em> de ver\u00e3o em setembro, j\u00e1 foi anunciado que os \u00a0desfiles parisiense \u00a0voltam a acontecer fisicamente, respeitando as regras oficiais vigentes na data.<\/p>\n<p>&nbsp;<\/p>\n<p><a href=\"https:\/\/diarioregionaldigital.com.br\/wp-content\/uploads\/2020\/07\/diario-pagina-06-12.pdf\">CLIQUE AQUI PARA LER A COLUNA COMPLETA<\/a><\/p>\n","protected":false},"excerpt":{"rendered":"<p>Em meio ao novo cen\u00e1rio de isolamento social, as Fashion Weeks tamb\u00e9m tiveram que se reinventar. Pela primeira vez na hist\u00f3ria, a Semana de Moda de Paris &#8211; cole\u00e7\u00f5es outono\/inverno 2020\/2021 &#8211; aconteceu em formato digital.\u00a0 \u00a0Praticamente todas as marcas de alta-costura aderiram ao novo formato, como Dior, Valentino, Chanel e Viktor &amp; Rolf. Tamb\u00e9m [&hellip;]<\/p>\n","protected":false},"author":96,"featured_media":164397,"comment_status":"closed","ping_status":"closed","sticky":false,"template":"","format":"standard","meta":{"footnotes":""},"categories":[1230],"tags":[],"class_list":["post-164395","post","type-post","status-publish","format-standard","has-post-thumbnail","hentry","category-moda-maria-carolina"],"_links":{"self":[{"href":"https:\/\/diarioregionaldigital.com.br\/index.php?rest_route=\/wp\/v2\/posts\/164395","targetHints":{"allow":["GET"]}}],"collection":[{"href":"https:\/\/diarioregionaldigital.com.br\/index.php?rest_route=\/wp\/v2\/posts"}],"about":[{"href":"https:\/\/diarioregionaldigital.com.br\/index.php?rest_route=\/wp\/v2\/types\/post"}],"author":[{"embeddable":true,"href":"https:\/\/diarioregionaldigital.com.br\/index.php?rest_route=\/wp\/v2\/users\/96"}],"replies":[{"embeddable":true,"href":"https:\/\/diarioregionaldigital.com.br\/index.php?rest_route=%2Fwp%2Fv2%2Fcomments&post=164395"}],"version-history":[{"count":0,"href":"https:\/\/diarioregionaldigital.com.br\/index.php?rest_route=\/wp\/v2\/posts\/164395\/revisions"}],"wp:featuredmedia":[{"embeddable":true,"href":"https:\/\/diarioregionaldigital.com.br\/index.php?rest_route=\/wp\/v2\/media\/164397"}],"wp:attachment":[{"href":"https:\/\/diarioregionaldigital.com.br\/index.php?rest_route=%2Fwp%2Fv2%2Fmedia&parent=164395"}],"wp:term":[{"taxonomy":"category","embeddable":true,"href":"https:\/\/diarioregionaldigital.com.br\/index.php?rest_route=%2Fwp%2Fv2%2Fcategories&post=164395"},{"taxonomy":"post_tag","embeddable":true,"href":"https:\/\/diarioregionaldigital.com.br\/index.php?rest_route=%2Fwp%2Fv2%2Ftags&post=164395"}],"curies":[{"name":"wp","href":"https:\/\/api.w.org\/{rel}","templated":true}]}}