{"id":164384,"date":"2020-07-11T13:39:43","date_gmt":"2020-07-11T16:39:43","guid":{"rendered":"https:\/\/diarioregionaldigital.com.br\/?p=164384"},"modified":"2020-07-11T13:39:43","modified_gmt":"2020-07-11T16:39:43","slug":"morre-o-secretario-de-esporte-e-lazer-julio-gasparette","status":"publish","type":"post","link":"https:\/\/diarioregionaldigital.com.br\/?p=164384","title":{"rendered":"Morre o Secretario de Esporte e Lazer, J\u00falio Gasparette"},"content":{"rendered":"<p>Morreu na manh\u00e3 deste s\u00e1bado (11), o Secretario de Esporte e Lazer, o ex-vereador J\u00falio Gasparette, 71 anos, v\u00edtima de parada card\u00edaca. Ele iria fazer uma cirurgia na segunda-feira (13), na Santa Casa de Miseric\u00f3rdia, onde estava internado h\u00e1 10 dias. O prefeito Ant\u00f4nio Almas (PSDB) declarou luto municipal por tr\u00eas dias.<\/p>\n<p>Gasparette foi eleito vereador em 2001 e encerrou primeiro mandato em 2004. Em 2009 foi eleito novamente vereador e reeleito posteriormente em 2013, cumprindo seu mandato em 2016.<\/p>\n","protected":false},"excerpt":{"rendered":"<p>Morreu na manh\u00e3 deste s\u00e1bado (11), o Secretario de Esporte e Lazer, o ex-vereador J\u00falio Gasparette, 71 anos, v\u00edtima de parada card\u00edaca. Ele iria fazer uma cirurgia na segunda-feira (13), na Santa Casa de Miseric\u00f3rdia, onde estava internado h\u00e1 10 dias. O prefeito Ant\u00f4nio Almas (PSDB) declarou luto municipal por tr\u00eas dias. Gasparette foi eleito [&hellip;]<\/p>\n","protected":false},"author":96,"featured_media":164385,"comment_status":"closed","ping_status":"closed","sticky":false,"template":"","format":"standard","meta":{"footnotes":""},"categories":[253,436,440,439],"tags":[],"class_list":["post-164384","post","type-post","status-publish","format-standard","has-post-thumbnail","hentry","category-cidade","category-destaque-da-semana","category-destaques-do-dia","category-ultima-hora"],"_links":{"self":[{"href":"https:\/\/diarioregionaldigital.com.br\/index.php?rest_route=\/wp\/v2\/posts\/164384","targetHints":{"allow":["GET"]}}],"collection":[{"href":"https:\/\/diarioregionaldigital.com.br\/index.php?rest_route=\/wp\/v2\/posts"}],"about":[{"href":"https:\/\/diarioregionaldigital.com.br\/index.php?rest_route=\/wp\/v2\/types\/post"}],"author":[{"embeddable":true,"href":"https:\/\/diarioregionaldigital.com.br\/index.php?rest_route=\/wp\/v2\/users\/96"}],"replies":[{"embeddable":true,"href":"https:\/\/diarioregionaldigital.com.br\/index.php?rest_route=%2Fwp%2Fv2%2Fcomments&post=164384"}],"version-history":[{"count":0,"href":"https:\/\/diarioregionaldigital.com.br\/index.php?rest_route=\/wp\/v2\/posts\/164384\/revisions"}],"wp:featuredmedia":[{"embeddable":true,"href":"https:\/\/diarioregionaldigital.com.br\/index.php?rest_route=\/wp\/v2\/media\/164385"}],"wp:attachment":[{"href":"https:\/\/diarioregionaldigital.com.br\/index.php?rest_route=%2Fwp%2Fv2%2Fmedia&parent=164384"}],"wp:term":[{"taxonomy":"category","embeddable":true,"href":"https:\/\/diarioregionaldigital.com.br\/index.php?rest_route=%2Fwp%2Fv2%2Fcategories&post=164384"},{"taxonomy":"post_tag","embeddable":true,"href":"https:\/\/diarioregionaldigital.com.br\/index.php?rest_route=%2Fwp%2Fv2%2Ftags&post=164384"}],"curies":[{"name":"wp","href":"https:\/\/api.w.org\/{rel}","templated":true}]}}