{"id":164365,"date":"2020-07-12T06:00:53","date_gmt":"2020-07-12T09:00:53","guid":{"rendered":"https:\/\/diarioregionaldigital.com.br\/?p=164365"},"modified":"2020-07-11T02:56:01","modified_gmt":"2020-07-11T05:56:01","slug":"joias","status":"publish","type":"post","link":"https:\/\/diarioregionaldigital.com.br\/?p=164365","title":{"rendered":"J\u00f3ias"},"content":{"rendered":"<p style=\"text-align: center;\"><strong>Invernal<\/strong><\/p>\n<p style=\"text-align: center;\">S\u00edmbolos do movimento hippie a t\u00e9cnica de tingimento se tornou um passatempo na quarentena e vem ganhando espa\u00e7o na moda nas cole\u00e7\u00f5es atuais. Nas vitrines da Arpel marcas finas exibem o The-Dye invernal.<\/p>\n<p style=\"text-align: center;\"><strong>J\u00f3ias <\/strong><\/p>\n<p style=\"text-align: center;\">Em cole\u00e7\u00e3o rec\u00e9m-lan\u00e7ada Ant\u00f4nio Bernardo prossegue investigando \u00e0 sensualidade das curvas em joias atemporais. Bruno Jazz \u00e9 a sensa\u00e7\u00e3o e as compras via WatsApp, consolidada durante a pandemia segue firme.<\/p>\n<p style=\"text-align: center;\"><strong>Cultura<\/strong><\/p>\n<p style=\"text-align: center;\">A antenada escritora Juliana James teve \u00f3tima ideia durante a pandemia. Autora de \u201cA lua e o riacho\u201d e \u201cEntrei para a fam\u00edlia\u201d, ela lan\u00e7ou campanha de doa\u00e7\u00e3o de livros para as escolas p\u00fablicas. Para participar, basta comprar uma de suas obras.<\/p>\n<p style=\"text-align: center;\"><strong>Boa A\u00e7\u00e3o<\/strong><\/p>\n<p style=\"text-align: center;\">A turma solid\u00e1ria do Abrigo Santa Helena liderada pelo presidente Ant\u00f4nio Carlos Estev\u00e3o receberam uma generosa doa\u00e7\u00e3o de EPIs, eletrodom\u00e9sticos, iniciativa da Funda\u00e7\u00e3o Ita\u00fa e da ONG Olhe. Exemplo a ser seguido.<\/p>\n<p style=\"text-align: center;\"><span style=\"font-size: 14pt;\"><strong>Para Refletir<\/strong><\/span><\/p>\n<p style=\"text-align: center;\">Em tempos de pandemia n\u00e3o \u00e9 se apegando a s\u00edmbolos de status que prestaremos homenagem \u00e1 nossa sobreviv\u00eancia, e sim expandindo nossa criatividade, encontrando os amigos, bebendo e comendo com eles, namorando, celebrando as sensa\u00e7\u00f5es, n\u00e3o as aquisi\u00e7\u00f5es materiais.<\/p>\n<div id=\"attachment_164363\" style=\"width: 690px\" class=\"wp-caption aligncenter\"><img loading=\"lazy\" decoding=\"async\" aria-describedby=\"caption-attachment-164363\" class=\"wp-image-164363\" src=\"https:\/\/diarioregionaldigital.com.br\/wp-content\/uploads\/2020\/07\/fotoaa-2-e1594436546348.jpg\" alt=\"\" width=\"680\" height=\"374\" srcset=\"https:\/\/diarioregionaldigital.com.br\/wp-content\/uploads\/2020\/07\/fotoaa-2-e1594436546348.jpg 1807w, https:\/\/diarioregionaldigital.com.br\/wp-content\/uploads\/2020\/07\/fotoaa-2-e1594436546348-300x165.jpg 300w, https:\/\/diarioregionaldigital.com.br\/wp-content\/uploads\/2020\/07\/fotoaa-2-e1594436546348-1024x563.jpg 1024w, https:\/\/diarioregionaldigital.com.br\/wp-content\/uploads\/2020\/07\/fotoaa-2-e1594436546348-768x422.jpg 768w, https:\/\/diarioregionaldigital.com.br\/wp-content\/uploads\/2020\/07\/fotoaa-2-e1594436546348-1536x844.jpg 1536w, https:\/\/diarioregionaldigital.com.br\/wp-content\/uploads\/2020\/07\/fotoaa-2-e1594436546348-360x198.jpg 360w\" sizes=\"auto, (max-width: 680px) 100vw, 680px\" \/><p id=\"caption-attachment-164363\" class=\"wp-caption-text\">Triplice alian\u00e7a de lindezas para enfeitar hoje, amanh\u00e3 e no futuro nossa coluna social on-line: Alice Westermann, Luisa Le\u00e3o e Gi\u00falia Caruso<\/p><\/div>\n<div id=\"attachment_164354\" style=\"width: 690px\" class=\"wp-caption aligncenter\"><img loading=\"lazy\" decoding=\"async\" aria-describedby=\"caption-attachment-164354\" class=\"wp-image-164354\" src=\"https:\/\/diarioregionaldigital.com.br\/wp-content\/uploads\/2020\/07\/fotobb-2-e1594445329539.jpg\" alt=\"\" width=\"680\" height=\"488\" srcset=\"https:\/\/diarioregionaldigital.com.br\/wp-content\/uploads\/2020\/07\/fotobb-2-e1594445329539.jpg 2042w, https:\/\/diarioregionaldigital.com.br\/wp-content\/uploads\/2020\/07\/fotobb-2-e1594445329539-300x215.jpg 300w, https:\/\/diarioregionaldigital.com.br\/wp-content\/uploads\/2020\/07\/fotobb-2-e1594445329539-1024x734.jpg 1024w, https:\/\/diarioregionaldigital.com.br\/wp-content\/uploads\/2020\/07\/fotobb-2-e1594445329539-768x551.jpg 768w, https:\/\/diarioregionaldigital.com.br\/wp-content\/uploads\/2020\/07\/fotobb-2-e1594445329539-1536x1101.jpg 1536w, https:\/\/diarioregionaldigital.com.br\/wp-content\/uploads\/2020\/07\/fotobb-2-e1594445329539-360x258.jpg 360w\" sizes=\"auto, (max-width: 680px) 100vw, 680px\" \/><p id=\"caption-attachment-164354\" class=\"wp-caption-text\">Gente alinhada na entrega da Medalha Itamar Franco em 2019,Murilio Hingel, Dalva Westermann, Ant\u00f4nio de Souza, Senador Cristovam Buarque \u00e9 Jos\u00e9 Ventura<\/p><\/div>\n<div id=\"attachment_164355\" style=\"width: 690px\" class=\"wp-caption aligncenter\"><img loading=\"lazy\" decoding=\"async\" aria-describedby=\"caption-attachment-164355\" class=\"wp-image-164355\" src=\"https:\/\/diarioregionaldigital.com.br\/wp-content\/uploads\/2020\/07\/fotoc-5-e1594445413794.jpg\" alt=\"\" width=\"680\" height=\"483\" srcset=\"https:\/\/diarioregionaldigital.com.br\/wp-content\/uploads\/2020\/07\/fotoc-5-e1594445413794.jpg 827w, https:\/\/diarioregionaldigital.com.br\/wp-content\/uploads\/2020\/07\/fotoc-5-e1594445413794-300x213.jpg 300w, https:\/\/diarioregionaldigital.com.br\/wp-content\/uploads\/2020\/07\/fotoc-5-e1594445413794-768x545.jpg 768w, https:\/\/diarioregionaldigital.com.br\/wp-content\/uploads\/2020\/07\/fotoc-5-e1594445413794-360x256.jpg 360w, https:\/\/diarioregionaldigital.com.br\/wp-content\/uploads\/2020\/07\/fotoc-5-e1594445413794-100x70.jpg 100w\" sizes=\"auto, (max-width: 680px) 100vw, 680px\" \/><p id=\"caption-attachment-164355\" class=\"wp-caption-text\">A bonita Ma\u00edra Delgado, sempre presente nos eventos musicais antes da pandemia<\/p><\/div>\n<div id=\"attachment_164356\" style=\"width: 690px\" class=\"wp-caption aligncenter\"><img loading=\"lazy\" decoding=\"async\" aria-describedby=\"caption-attachment-164356\" class=\"wp-image-164356\" src=\"https:\/\/diarioregionaldigital.com.br\/wp-content\/uploads\/2020\/07\/fotocc-e1594445446387.jpeg\" alt=\"\" width=\"680\" height=\"476\" srcset=\"https:\/\/diarioregionaldigital.com.br\/wp-content\/uploads\/2020\/07\/fotocc-e1594445446387.jpeg 681w, https:\/\/diarioregionaldigital.com.br\/wp-content\/uploads\/2020\/07\/fotocc-e1594445446387-300x210.jpeg 300w, https:\/\/diarioregionaldigital.com.br\/wp-content\/uploads\/2020\/07\/fotocc-e1594445446387-360x252.jpeg 360w, https:\/\/diarioregionaldigital.com.br\/wp-content\/uploads\/2020\/07\/fotocc-e1594445446387-100x70.jpeg 100w\" sizes=\"auto, (max-width: 680px) 100vw, 680px\" \/><p id=\"caption-attachment-164356\" class=\"wp-caption-text\">A elegante m\u00e9dica dermatologista V\u00e2nia Carolina Piccinini Silva, \u00e9 a aniversariante de destaque deste domingo (12), em grande estilo<\/p><\/div>\n<div id=\"attachment_164353\" style=\"width: 690px\" class=\"wp-caption aligncenter\"><img loading=\"lazy\" decoding=\"async\" aria-describedby=\"caption-attachment-164353\" class=\"wp-image-164353\" src=\"https:\/\/diarioregionaldigital.com.br\/wp-content\/uploads\/2020\/07\/fotob-6-e1594445281718.jpg\" alt=\"\" width=\"680\" height=\"672\" srcset=\"https:\/\/diarioregionaldigital.com.br\/wp-content\/uploads\/2020\/07\/fotob-6-e1594445281718.jpg 1697w, https:\/\/diarioregionaldigital.com.br\/wp-content\/uploads\/2020\/07\/fotob-6-e1594445281718-300x296.jpg 300w, https:\/\/diarioregionaldigital.com.br\/wp-content\/uploads\/2020\/07\/fotob-6-e1594445281718-1024x1012.jpg 1024w, https:\/\/diarioregionaldigital.com.br\/wp-content\/uploads\/2020\/07\/fotob-6-e1594445281718-768x759.jpg 768w, https:\/\/diarioregionaldigital.com.br\/wp-content\/uploads\/2020\/07\/fotob-6-e1594445281718-1536x1518.jpg 1536w, https:\/\/diarioregionaldigital.com.br\/wp-content\/uploads\/2020\/07\/fotob-6-e1594445281718-120x120.jpg 120w, https:\/\/diarioregionaldigital.com.br\/wp-content\/uploads\/2020\/07\/fotob-6-e1594445281718-360x356.jpg 360w, https:\/\/diarioregionaldigital.com.br\/wp-content\/uploads\/2020\/07\/fotob-6-e1594445281718-80x80.jpg 80w\" sizes=\"auto, (max-width: 680px) 100vw, 680px\" \/><p id=\"caption-attachment-164353\" class=\"wp-caption-text\">Aniversariante de destaque da temporada social, o bonit\u00e3o Bruno Hargreaves<\/p><\/div>\n<div id=\"attachment_164357\" style=\"width: 690px\" class=\"wp-caption aligncenter\"><img loading=\"lazy\" decoding=\"async\" aria-describedby=\"caption-attachment-164357\" class=\"wp-image-164357\" src=\"https:\/\/diarioregionaldigital.com.br\/wp-content\/uploads\/2020\/07\/fotod-6-e1594445582283.jpg\" alt=\"\" width=\"680\" height=\"480\" srcset=\"https:\/\/diarioregionaldigital.com.br\/wp-content\/uploads\/2020\/07\/fotod-6-e1594445582283.jpg 725w, https:\/\/diarioregionaldigital.com.br\/wp-content\/uploads\/2020\/07\/fotod-6-e1594445582283-300x212.jpg 300w, https:\/\/diarioregionaldigital.com.br\/wp-content\/uploads\/2020\/07\/fotod-6-e1594445582283-360x254.jpg 360w, https:\/\/diarioregionaldigital.com.br\/wp-content\/uploads\/2020\/07\/fotod-6-e1594445582283-100x70.jpg 100w\" sizes=\"auto, (max-width: 680px) 100vw, 680px\" \/><p id=\"caption-attachment-164357\" class=\"wp-caption-text\">Rafael Itz prezando qualidade no shopping da tecnologia no Manoel Hon\u00f3rio<\/p><\/div>\n<div id=\"attachment_164362\" style=\"width: 690px\" class=\"wp-caption aligncenter\"><img loading=\"lazy\" decoding=\"async\" aria-describedby=\"caption-attachment-164362\" class=\"wp-image-164362\" src=\"https:\/\/diarioregionaldigital.com.br\/wp-content\/uploads\/2020\/07\/fotoi-3-e1594446001398.jpg\" alt=\"\" width=\"680\" height=\"479\" srcset=\"https:\/\/diarioregionaldigital.com.br\/wp-content\/uploads\/2020\/07\/fotoi-3-e1594446001398.jpg 1248w, https:\/\/diarioregionaldigital.com.br\/wp-content\/uploads\/2020\/07\/fotoi-3-e1594446001398-300x210.jpg 300w, https:\/\/diarioregionaldigital.com.br\/wp-content\/uploads\/2020\/07\/fotoi-3-e1594446001398-1024x722.jpg 1024w, https:\/\/diarioregionaldigital.com.br\/wp-content\/uploads\/2020\/07\/fotoi-3-e1594446001398-768x542.jpg 768w, https:\/\/diarioregionaldigital.com.br\/wp-content\/uploads\/2020\/07\/fotoi-3-e1594446001398-360x254.jpg 360w, https:\/\/diarioregionaldigital.com.br\/wp-content\/uploads\/2020\/07\/fotoi-3-e1594446001398-100x70.jpg 100w\" sizes=\"auto, (max-width: 680px) 100vw, 680px\" \/><p id=\"caption-attachment-164362\" class=\"wp-caption-text\">Antes da pandemia na Pal\u00e1cio, Eduardo Gomes e Mar\u00edsia Edith<\/p><\/div>\n<div id=\"attachment_164361\" style=\"width: 690px\" class=\"wp-caption aligncenter\"><img loading=\"lazy\" decoding=\"async\" aria-describedby=\"caption-attachment-164361\" class=\"wp-image-164361\" src=\"https:\/\/diarioregionaldigital.com.br\/wp-content\/uploads\/2020\/07\/fotoh-6-e1594445942718.jpg\" alt=\"\" width=\"680\" height=\"496\" srcset=\"https:\/\/diarioregionaldigital.com.br\/wp-content\/uploads\/2020\/07\/fotoh-6-e1594445942718.jpg 533w, https:\/\/diarioregionaldigital.com.br\/wp-content\/uploads\/2020\/07\/fotoh-6-e1594445942718-300x219.jpg 300w, https:\/\/diarioregionaldigital.com.br\/wp-content\/uploads\/2020\/07\/fotoh-6-e1594445942718-360x263.jpg 360w\" sizes=\"auto, (max-width: 680px) 100vw, 680px\" \/><p id=\"caption-attachment-164361\" class=\"wp-caption-text\">Antes da quarentena em noite de festa: Beth Ank e Z\u00e9 Kodak<\/p><\/div>\n<div id=\"attachment_164360\" style=\"width: 690px\" class=\"wp-caption aligncenter\"><img loading=\"lazy\" decoding=\"async\" aria-describedby=\"caption-attachment-164360\" class=\"wp-image-164360\" src=\"https:\/\/diarioregionaldigital.com.br\/wp-content\/uploads\/2020\/07\/fotog-5-e1594445913428.jpg\" alt=\"\" width=\"680\" height=\"463\" srcset=\"https:\/\/diarioregionaldigital.com.br\/wp-content\/uploads\/2020\/07\/fotog-5-e1594445913428.jpg 1867w, https:\/\/diarioregionaldigital.com.br\/wp-content\/uploads\/2020\/07\/fotog-5-e1594445913428-300x204.jpg 300w, https:\/\/diarioregionaldigital.com.br\/wp-content\/uploads\/2020\/07\/fotog-5-e1594445913428-1024x698.jpg 1024w, https:\/\/diarioregionaldigital.com.br\/wp-content\/uploads\/2020\/07\/fotog-5-e1594445913428-768x523.jpg 768w, https:\/\/diarioregionaldigital.com.br\/wp-content\/uploads\/2020\/07\/fotog-5-e1594445913428-1536x1046.jpg 1536w, https:\/\/diarioregionaldigital.com.br\/wp-content\/uploads\/2020\/07\/fotog-5-e1594445913428-360x245.jpg 360w\" sizes=\"auto, (max-width: 680px) 100vw, 680px\" \/><p id=\"caption-attachment-164360\" class=\"wp-caption-text\">No Trade Hotel antes da pandemia: Meire Milhomens e Sandra Cordeiro<\/p><\/div>\n<div id=\"attachment_164359\" style=\"width: 690px\" class=\"wp-caption aligncenter\"><img loading=\"lazy\" decoding=\"async\" aria-describedby=\"caption-attachment-164359\" class=\"wp-image-164359\" src=\"https:\/\/diarioregionaldigital.com.br\/wp-content\/uploads\/2020\/07\/fotof-5-e1594445786857.jpg\" alt=\"\" width=\"680\" height=\"456\" srcset=\"https:\/\/diarioregionaldigital.com.br\/wp-content\/uploads\/2020\/07\/fotof-5-e1594445786857.jpg 916w, https:\/\/diarioregionaldigital.com.br\/wp-content\/uploads\/2020\/07\/fotof-5-e1594445786857-300x201.jpg 300w, https:\/\/diarioregionaldigital.com.br\/wp-content\/uploads\/2020\/07\/fotof-5-e1594445786857-768x515.jpg 768w, https:\/\/diarioregionaldigital.com.br\/wp-content\/uploads\/2020\/07\/fotof-5-e1594445786857-360x241.jpg 360w\" sizes=\"auto, (max-width: 680px) 100vw, 680px\" \/><p id=\"caption-attachment-164359\" class=\"wp-caption-text\">Em festa junina s\u00f3 para 2, os queridos Denilson Romano e Raquel Romano<\/p><\/div>\n<div id=\"attachment_164358\" style=\"width: 690px\" class=\"wp-caption aligncenter\"><img loading=\"lazy\" decoding=\"async\" aria-describedby=\"caption-attachment-164358\" class=\"wp-image-164358\" src=\"https:\/\/diarioregionaldigital.com.br\/wp-content\/uploads\/2020\/07\/fotoe-4-e1594445625190.jpg\" alt=\"\" width=\"680\" height=\"468\" srcset=\"https:\/\/diarioregionaldigital.com.br\/wp-content\/uploads\/2020\/07\/fotoe-4-e1594445625190.jpg 1434w, https:\/\/diarioregionaldigital.com.br\/wp-content\/uploads\/2020\/07\/fotoe-4-e1594445625190-300x206.jpg 300w, https:\/\/diarioregionaldigital.com.br\/wp-content\/uploads\/2020\/07\/fotoe-4-e1594445625190-1024x705.jpg 1024w, https:\/\/diarioregionaldigital.com.br\/wp-content\/uploads\/2020\/07\/fotoe-4-e1594445625190-768x529.jpg 768w, https:\/\/diarioregionaldigital.com.br\/wp-content\/uploads\/2020\/07\/fotoe-4-e1594445625190-360x248.jpg 360w, https:\/\/diarioregionaldigital.com.br\/wp-content\/uploads\/2020\/07\/fotoe-4-e1594445625190-100x70.jpg 100w\" sizes=\"auto, (max-width: 680px) 100vw, 680px\" \/><p id=\"caption-attachment-164358\" class=\"wp-caption-text\">No Paineiras curtindo happy-hour: Carlos Sacchi, Mois\u00e9s Silva Rodrigues, S\u00e9rgio Ferreira Rocha e Wesley Monteiro<\/p><\/div>\n<p style=\"text-align: center;\"><strong>FOTOSS\u00cdNTESE<\/strong><\/p>\n<p>Apostando nos acess\u00f3rios finos, Nayane Neto da loja By Candy acredita que a cole\u00e7\u00e3o inverno Cielo com o azul como curinga n\u00e3o tem igual. No balan\u00e7o da esta\u00e7\u00e3o fria, as boinas, cachecol, brincos, pulseiras, golas e \u00f3culos est\u00e3o na crista da onda.<\/p>\n<p>Com \u00f3timas reflex\u00f5es sobre assuntos diversos, o pr\u00e9-candidato a vereador S\u00e9rgio F\u00e9lix est\u00e1 com cota\u00e7\u00e3o alta em sua p\u00e1gina no Instagram.<\/p>\n<p>Para distrair um pouco, est\u00e3o abertas as inscri\u00e7\u00f5es para a 19\u00aa edi\u00e7\u00e3o do festival Primeira Plano.<\/p>\n<p>Correio elegante: um abra\u00e7o para Henrique Lotti, Jacqueline Vianna, Fred Alvim, Dalva Westermann, Rafael Koch, Lidiane Stambassi, Rose Messias Trist\u00e3o e o m\u00fasico Tomate.<\/p>\n<p>Com todos sal\u00f5es de festas e shows da cidade fechados, o Capit\u00f3lio tamb\u00e9m est\u00e1 fechado. O locat\u00e1rio Luiz Henrique tenta negocia\u00e7\u00e3o de valores. O efeito pandemia for\u00e7ou que todos passem a negociar com todos.<\/p>\n<p>O paranaense de Londrina German dos Santos Bezerra de apenas 13 anos teve sua HG selecionada para festival na It\u00e1lia. Ele tem total apoio da fam\u00edlia.<\/p>\n<p>Digno de elogios, a professora Paula Liparini criou um grupo no WhastsApp, em parceira com a Associa\u00e7\u00e3o dos Cegos, para orientar deficientes visuais sobre sa\u00fade bucal e dicas de preven\u00e7\u00e3o \u00e0 Covid-19.<\/p>\n<p>Conjugando criatividade, Ana Paula da Cunha, promoveu Drive Thuru junino, onde crian\u00e7as e pais conseguiram aproveitar a festa s\u00f3 que dos seus carros e usando m\u00e1scaras.<\/p>\n<p>Voc\u00ea Sabia? \u201c\u00c9 a diversidade das rosas que enfeita o jardim\u201d. (Lauro Trevisam)<\/p>\n<p><img loading=\"lazy\" decoding=\"async\" class=\"aligncenter size-full wp-image-164364\" src=\"https:\/\/diarioregionaldigital.com.br\/wp-content\/uploads\/2020\/07\/anuncio48-scaled.jpg\" alt=\"\" width=\"2560\" height=\"969\" srcset=\"https:\/\/diarioregionaldigital.com.br\/wp-content\/uploads\/2020\/07\/anuncio48-scaled.jpg 2560w, https:\/\/diarioregionaldigital.com.br\/wp-content\/uploads\/2020\/07\/anuncio48-300x114.jpg 300w, https:\/\/diarioregionaldigital.com.br\/wp-content\/uploads\/2020\/07\/anuncio48-1024x387.jpg 1024w, https:\/\/diarioregionaldigital.com.br\/wp-content\/uploads\/2020\/07\/anuncio48-768x291.jpg 768w, https:\/\/diarioregionaldigital.com.br\/wp-content\/uploads\/2020\/07\/anuncio48-1536x581.jpg 1536w, https:\/\/diarioregionaldigital.com.br\/wp-content\/uploads\/2020\/07\/anuncio48-2048x775.jpg 2048w, https:\/\/diarioregionaldigital.com.br\/wp-content\/uploads\/2020\/07\/anuncio48-360x136.jpg 360w\" sizes=\"auto, (max-width: 2560px) 100vw, 2560px\" \/><\/p>\n<p>&nbsp;<\/p>\n<p>&nbsp;<\/p>\n","protected":false},"excerpt":{"rendered":"<p>Invernal S\u00edmbolos do movimento hippie a t\u00e9cnica de tingimento se tornou um passatempo na quarentena e vem ganhando espa\u00e7o na moda nas cole\u00e7\u00f5es atuais. Nas vitrines da Arpel marcas finas exibem o The-Dye invernal. J\u00f3ias Em cole\u00e7\u00e3o rec\u00e9m-lan\u00e7ada Ant\u00f4nio Bernardo prossegue investigando \u00e0 sensualidade das curvas em joias atemporais. Bruno Jazz \u00e9 a sensa\u00e7\u00e3o e [&hellip;]<\/p>\n","protected":false},"author":96,"featured_media":164363,"comment_status":"closed","ping_status":"closed","sticky":false,"template":"","format":"standard","meta":{"footnotes":""},"categories":[264],"tags":[],"class_list":["post-164365","post","type-post","status-publish","format-standard","has-post-thumbnail","hentry","category-eduardo-gomes"],"_links":{"self":[{"href":"https:\/\/diarioregionaldigital.com.br\/index.php?rest_route=\/wp\/v2\/posts\/164365","targetHints":{"allow":["GET"]}}],"collection":[{"href":"https:\/\/diarioregionaldigital.com.br\/index.php?rest_route=\/wp\/v2\/posts"}],"about":[{"href":"https:\/\/diarioregionaldigital.com.br\/index.php?rest_route=\/wp\/v2\/types\/post"}],"author":[{"embeddable":true,"href":"https:\/\/diarioregionaldigital.com.br\/index.php?rest_route=\/wp\/v2\/users\/96"}],"replies":[{"embeddable":true,"href":"https:\/\/diarioregionaldigital.com.br\/index.php?rest_route=%2Fwp%2Fv2%2Fcomments&post=164365"}],"version-history":[{"count":0,"href":"https:\/\/diarioregionaldigital.com.br\/index.php?rest_route=\/wp\/v2\/posts\/164365\/revisions"}],"wp:featuredmedia":[{"embeddable":true,"href":"https:\/\/diarioregionaldigital.com.br\/index.php?rest_route=\/wp\/v2\/media\/164363"}],"wp:attachment":[{"href":"https:\/\/diarioregionaldigital.com.br\/index.php?rest_route=%2Fwp%2Fv2%2Fmedia&parent=164365"}],"wp:term":[{"taxonomy":"category","embeddable":true,"href":"https:\/\/diarioregionaldigital.com.br\/index.php?rest_route=%2Fwp%2Fv2%2Fcategories&post=164365"},{"taxonomy":"post_tag","embeddable":true,"href":"https:\/\/diarioregionaldigital.com.br\/index.php?rest_route=%2Fwp%2Fv2%2Ftags&post=164365"}],"curies":[{"name":"wp","href":"https:\/\/api.w.org\/{rel}","templated":true}]}}