{"id":164306,"date":"2020-07-10T15:49:33","date_gmt":"2020-07-10T18:49:33","guid":{"rendered":"https:\/\/diarioregionaldigital.com.br\/?p=164306"},"modified":"2020-07-10T15:49:33","modified_gmt":"2020-07-10T18:49:33","slug":"ufjf-abre-pesquisa-para-analisar-comportamento-de-idosos-durante-a-pandemia","status":"publish","type":"post","link":"https:\/\/diarioregionaldigital.com.br\/?p=164306","title":{"rendered":"UFJF abre pesquisa para analisar comportamento de idosos durante a pandemia"},"content":{"rendered":"<p><span style=\"font-weight: 400;\">A Universidade Federal de Juiz de Fora (UFJF), em parceria com com a Universidade Cat\u00f3lica de Bras\u00edlia (UCB), est\u00e1 realizando uma pesquisa voltada para pessoas com mais de 60 anos. O objetivo principal \u00e9 entender o que essa parcela da popula\u00e7\u00e3o est\u00e1 pensando, sentindo e fazendo em tempos de pandemia da Covid-19.\u00a0<\/span><\/p>\n<p><span style=\"font-weight: 400;\">\u201cCoronav\u00edrus e Covid-19: um estudo com idosas e idosos\u201d, j\u00e1 aprovada pela Comiss\u00e3o Nacional de \u00c9tica em Pesquisa, \u00e9 de responsabilidade dos cursos de gradua\u00e7\u00e3o e p\u00f3s-gradua\u00e7\u00e3o em Psicologia da UFJF. Os interessados em participar podem escolher entre responder o question\u00e1rio de forma online ou via liga\u00e7\u00e3o. N\u00e3o h\u00e1 um prazo final definido. A previs\u00e3o \u00e9 de que a pesquisa continuar\u00e1 ativa enquanto a pandemia persistir.\u00a0<\/span><\/p>\n<p><span style=\"font-weight: 400;\">O professor do Departamento de Psicologia da UFJF, Altemir Barbosa, ressalta que, ao lado do ensino e da extens\u00e3o, a pesquisa forma o trip\u00e9 de qualquer universidade. \u201cA jun\u00e7\u00e3o de \u00e9tica, metodologia e teoria fundamentada justifica por si s\u00f3 a realiza\u00e7\u00e3o de qualquer pesquisa cient\u00edfica. Todavia, deve-se lembrar que \u00e9 preciso dar voz a alguns grupos, principalmente em momentos cr\u00edticos como o que estamos vivendo. Podemos aprender muito com v\u00e1rios <\/span><span style=\"font-weight: 400;\">deles, especialmente com idosos e idosas.\u201d<\/span><\/p>\n<p><strong>Fonte:<\/strong> Assessoria<\/p>\n","protected":false},"excerpt":{"rendered":"<p>A Universidade Federal de Juiz de Fora (UFJF), em parceria com com a Universidade Cat\u00f3lica de Bras\u00edlia (UCB), est\u00e1 realizando uma pesquisa voltada para pessoas com mais de 60 anos. O objetivo principal \u00e9 entender o que essa parcela da popula\u00e7\u00e3o est\u00e1 pensando, sentindo e fazendo em tempos de pandemia da Covid-19.\u00a0 \u201cCoronav\u00edrus e Covid-19: [&hellip;]<\/p>\n","protected":false},"author":96,"featured_media":164307,"comment_status":"closed","ping_status":"closed","sticky":false,"template":"","format":"standard","meta":{"footnotes":""},"categories":[253,436,440,439],"tags":[],"class_list":["post-164306","post","type-post","status-publish","format-standard","has-post-thumbnail","hentry","category-cidade","category-destaque-da-semana","category-destaques-do-dia","category-ultima-hora"],"_links":{"self":[{"href":"https:\/\/diarioregionaldigital.com.br\/index.php?rest_route=\/wp\/v2\/posts\/164306","targetHints":{"allow":["GET"]}}],"collection":[{"href":"https:\/\/diarioregionaldigital.com.br\/index.php?rest_route=\/wp\/v2\/posts"}],"about":[{"href":"https:\/\/diarioregionaldigital.com.br\/index.php?rest_route=\/wp\/v2\/types\/post"}],"author":[{"embeddable":true,"href":"https:\/\/diarioregionaldigital.com.br\/index.php?rest_route=\/wp\/v2\/users\/96"}],"replies":[{"embeddable":true,"href":"https:\/\/diarioregionaldigital.com.br\/index.php?rest_route=%2Fwp%2Fv2%2Fcomments&post=164306"}],"version-history":[{"count":0,"href":"https:\/\/diarioregionaldigital.com.br\/index.php?rest_route=\/wp\/v2\/posts\/164306\/revisions"}],"wp:featuredmedia":[{"embeddable":true,"href":"https:\/\/diarioregionaldigital.com.br\/index.php?rest_route=\/wp\/v2\/media\/164307"}],"wp:attachment":[{"href":"https:\/\/diarioregionaldigital.com.br\/index.php?rest_route=%2Fwp%2Fv2%2Fmedia&parent=164306"}],"wp:term":[{"taxonomy":"category","embeddable":true,"href":"https:\/\/diarioregionaldigital.com.br\/index.php?rest_route=%2Fwp%2Fv2%2Fcategories&post=164306"},{"taxonomy":"post_tag","embeddable":true,"href":"https:\/\/diarioregionaldigital.com.br\/index.php?rest_route=%2Fwp%2Fv2%2Ftags&post=164306"}],"curies":[{"name":"wp","href":"https:\/\/api.w.org\/{rel}","templated":true}]}}