{"id":164300,"date":"2020-07-10T15:28:29","date_gmt":"2020-07-10T18:28:29","guid":{"rendered":"https:\/\/diarioregionaldigital.com.br\/?p=164300"},"modified":"2020-07-10T15:28:29","modified_gmt":"2020-07-10T18:28:29","slug":"numero-de-empregados-nas-estatais-cai-37-em-2019","status":"publish","type":"post","link":"https:\/\/diarioregionaldigital.com.br\/?p=164300","title":{"rendered":"N\u00famero de empregados nas estatais cai 3,7% em 2019"},"content":{"rendered":"<p>As desestatiza\u00e7\u00f5es e a realiza\u00e7\u00e3o de programas de desligamento volunt\u00e1rio enxugaram o quadro de pessoal das estatais federais em 3,7% no ano passado, divulgou o Minist\u00e9rio da Economia. Segundo o 13\u00ba Boletim das Estatais Federais, o n\u00famero de empregados caiu de 494.919 em 2018 para 476.644 em 2019, diferen\u00e7a de 18,3 mil pessoas.<\/p>\n<p>Segundo a pasta, do total de desligamentos, cerca de 3,5 mil decorreram de desestatiza\u00e7\u00f5es (venda de subsidi\u00e1rias) e o restante, em grande parte, decorreu de programas de desligamentos volunt\u00e1rios de empregados (PDV). Somente esses programas reduziram os gastos das empresas em R$ 2,1 bilh\u00f5es.<\/p>\n<p>Entre as principais empresas, as maiores redu\u00e7\u00f5es de quadros foram observadas nos Correios, com 5.866 empregados a menos em 2019, Banco do Brasil (4.235 desligamentos) e Petrobras (1.030). Em quarto lugar vem a Caixa Econ\u00f4mica Federal, que dispensou 860 funcion\u00e1rios. As demais estatais enxugaram o quadro em 6.284 pessoas.<\/p>\n<p>Desde 2014, o n\u00famero de funcion\u00e1rios de estatais vem caindo ano a ano. Naquele ano, o total de empregados das empresas federais bateu recorde, chegando a 552.856. Em 2019, o efetivo estava 13,7% menor.<\/p>\n<p>Nas estatais n\u00e3o dependentes, que t\u00eam fonte pr\u00f3pria de receita e n\u00e3o dependem diretamente do Tesouro Nacional, os gastos com pessoal ca\u00edram 1,2% em termos reais em 2019. Essa conta considera a infla\u00e7\u00e3o.<\/p>\n<p><strong>Fonte:<\/strong> Ag\u00eancia Brasil<\/p>\n","protected":false},"excerpt":{"rendered":"<p>As desestatiza\u00e7\u00f5es e a realiza\u00e7\u00e3o de programas de desligamento volunt\u00e1rio enxugaram o quadro de pessoal das estatais federais em 3,7% no ano passado, divulgou o Minist\u00e9rio da Economia. Segundo o 13\u00ba Boletim das Estatais Federais, o n\u00famero de empregados caiu de 494.919 em 2018 para 476.644 em 2019, diferen\u00e7a de 18,3 mil pessoas. Segundo a [&hellip;]<\/p>\n","protected":false},"author":96,"featured_media":164301,"comment_status":"closed","ping_status":"closed","sticky":false,"template":"","format":"standard","meta":{"footnotes":""},"categories":[436,261,439],"tags":[],"class_list":["post-164300","post","type-post","status-publish","format-standard","has-post-thumbnail","hentry","category-destaque-da-semana","category-economia","category-ultima-hora"],"_links":{"self":[{"href":"https:\/\/diarioregionaldigital.com.br\/index.php?rest_route=\/wp\/v2\/posts\/164300","targetHints":{"allow":["GET"]}}],"collection":[{"href":"https:\/\/diarioregionaldigital.com.br\/index.php?rest_route=\/wp\/v2\/posts"}],"about":[{"href":"https:\/\/diarioregionaldigital.com.br\/index.php?rest_route=\/wp\/v2\/types\/post"}],"author":[{"embeddable":true,"href":"https:\/\/diarioregionaldigital.com.br\/index.php?rest_route=\/wp\/v2\/users\/96"}],"replies":[{"embeddable":true,"href":"https:\/\/diarioregionaldigital.com.br\/index.php?rest_route=%2Fwp%2Fv2%2Fcomments&post=164300"}],"version-history":[{"count":0,"href":"https:\/\/diarioregionaldigital.com.br\/index.php?rest_route=\/wp\/v2\/posts\/164300\/revisions"}],"wp:featuredmedia":[{"embeddable":true,"href":"https:\/\/diarioregionaldigital.com.br\/index.php?rest_route=\/wp\/v2\/media\/164301"}],"wp:attachment":[{"href":"https:\/\/diarioregionaldigital.com.br\/index.php?rest_route=%2Fwp%2Fv2%2Fmedia&parent=164300"}],"wp:term":[{"taxonomy":"category","embeddable":true,"href":"https:\/\/diarioregionaldigital.com.br\/index.php?rest_route=%2Fwp%2Fv2%2Fcategories&post=164300"},{"taxonomy":"post_tag","embeddable":true,"href":"https:\/\/diarioregionaldigital.com.br\/index.php?rest_route=%2Fwp%2Fv2%2Ftags&post=164300"}],"curies":[{"name":"wp","href":"https:\/\/api.w.org\/{rel}","templated":true}]}}