{"id":164176,"date":"2020-07-09T06:00:03","date_gmt":"2020-07-09T09:00:03","guid":{"rendered":"https:\/\/diarioregionaldigital.com.br\/?p=164176"},"modified":"2020-07-09T01:50:20","modified_gmt":"2020-07-09T04:50:20","slug":"prefeitura-municipal-de-tocantins-processo-no074-09-07-2020","status":"publish","type":"post","link":"https:\/\/diarioregionaldigital.com.br\/?p=164176","title":{"rendered":"Prefeitura Municipal de Tocantins &#8211; Processo n\u00ba074 &#8211; 09\/07\/2020"},"content":{"rendered":"<p style=\"text-align: center;\"><strong>PREFEITURA MUNICIPAL DE TOCANTINS\/MG<\/strong><\/p>\n<p style=\"text-align: center;\"><strong>Processo n\u00b0 074\/2020<\/strong><\/p>\n<p style=\"text-align: center;\"><strong>Dispensa n\u00b0 034\/2020<\/strong><\/p>\n<p style=\"text-align: center;\"><strong>Ratifica\u00e7\u00e3o<\/strong><\/p>\n<p style=\"text-align: center;\">\u00a0\u00a0\u00a0\u00a0\u00a0\u00a0\u00a0\u00a0\u00a0\u00a0\u00a0 O Prefeito Municipal de TOCANTINS\/MG, no uso de suas atribui\u00e7\u00f5es legais, com fulcro art. 24, inciso II da Lei n\u00b0 8.666\/93 e suas posteriores altera\u00e7\u00f5es, pelo presente ato, RATIFICA A COMPRA DIRETA PARA ATENDER AO MEMORANDO 76\/2020, ORIUNDO DA DA SECRETARIA MUNICIPAL DE ASSIST\u00caNCIA SOCIAL, REFERENTE A COMPRA DO SEGUINTE MEDICAMENTO: IMIPRAMINA 150 MG. TAIS MEDICA\u00c7\u00d5ES, POSSUEM INDICA\u00c7\u00c3O M\u00c9DICA QUE V\u00c3O DEVIDAMENTE ASSINADAS E ANEXADAS, E, SER\u00c3O ADMINISTRADOS PELAS CRIAN\u00c7AS E ADOLESCENTES DA &#8221;CASA ACOLHER&#8221;.<\/p>\n<p style=\"text-align: center;\"><strong>\u00a0\u00a0\u00a0\u00a0\u00a0\u00a0\u00a0\u00a0\u00a0\u00a0\u00a0 MANIPULA FARMACIA DE MANIPULACAO LTDA &#8211; CNPJ: 03.301.698\/0001-73<\/strong><\/p>\n<p style=\"text-align: center;\">\u00a0\u00a0\u00a0\u00a0\u00a0\u00a0\u00a0\u00a0\u00a0\u00a0\u00a0\u00a0\u00a0\u00a0\u00a0 Valor Total de R$ 59,10 (cinquenta e nove reais e dez centavos)<\/p>\n<p style=\"text-align: center;\">TOCANTINS, 01 de Julho de 2020.<\/p>\n<p style=\"text-align: center;\"><strong>____________________________________________<\/strong><\/p>\n<p style=\"text-align: center;\"><strong>Ieder Washington de Oliveira<\/strong><\/p>\n<p style=\"text-align: center;\"><strong>Prefeito Municipal<\/strong><\/p>\n","protected":false},"excerpt":{"rendered":"<p>PREFEITURA MUNICIPAL DE TOCANTINS\/MG Processo n\u00b0 074\/2020 Dispensa n\u00b0 034\/2020 Ratifica\u00e7\u00e3o \u00a0\u00a0\u00a0\u00a0\u00a0\u00a0\u00a0\u00a0\u00a0\u00a0\u00a0 O Prefeito Municipal de TOCANTINS\/MG, no uso de suas atribui\u00e7\u00f5es legais, com fulcro art. 24, inciso II da Lei n\u00b0 8.666\/93 e suas posteriores altera\u00e7\u00f5es, pelo presente ato, RATIFICA A COMPRA DIRETA PARA ATENDER AO MEMORANDO 76\/2020, ORIUNDO DA DA SECRETARIA MUNICIPAL DE [&hellip;]<\/p>\n","protected":false},"author":96,"featured_media":0,"comment_status":"closed","ping_status":"closed","sticky":false,"template":"","format":"standard","meta":{"footnotes":""},"categories":[307],"tags":[],"class_list":["post-164176","post","type-post","status-publish","format-standard","hentry","category-editais"],"_links":{"self":[{"href":"https:\/\/diarioregionaldigital.com.br\/index.php?rest_route=\/wp\/v2\/posts\/164176","targetHints":{"allow":["GET"]}}],"collection":[{"href":"https:\/\/diarioregionaldigital.com.br\/index.php?rest_route=\/wp\/v2\/posts"}],"about":[{"href":"https:\/\/diarioregionaldigital.com.br\/index.php?rest_route=\/wp\/v2\/types\/post"}],"author":[{"embeddable":true,"href":"https:\/\/diarioregionaldigital.com.br\/index.php?rest_route=\/wp\/v2\/users\/96"}],"replies":[{"embeddable":true,"href":"https:\/\/diarioregionaldigital.com.br\/index.php?rest_route=%2Fwp%2Fv2%2Fcomments&post=164176"}],"version-history":[{"count":0,"href":"https:\/\/diarioregionaldigital.com.br\/index.php?rest_route=\/wp\/v2\/posts\/164176\/revisions"}],"wp:attachment":[{"href":"https:\/\/diarioregionaldigital.com.br\/index.php?rest_route=%2Fwp%2Fv2%2Fmedia&parent=164176"}],"wp:term":[{"taxonomy":"category","embeddable":true,"href":"https:\/\/diarioregionaldigital.com.br\/index.php?rest_route=%2Fwp%2Fv2%2Fcategories&post=164176"},{"taxonomy":"post_tag","embeddable":true,"href":"https:\/\/diarioregionaldigital.com.br\/index.php?rest_route=%2Fwp%2Fv2%2Ftags&post=164176"}],"curies":[{"name":"wp","href":"https:\/\/api.w.org\/{rel}","templated":true}]}}