{"id":164155,"date":"2020-07-09T01:22:09","date_gmt":"2020-07-09T04:22:09","guid":{"rendered":"https:\/\/diarioregionaldigital.com.br\/?p=164155"},"modified":"2020-07-09T01:22:09","modified_gmt":"2020-07-09T04:22:09","slug":"fluminense-derrota-o-flamengo-e-e-campeao-da-taca-rio","status":"publish","type":"post","link":"https:\/\/diarioregionaldigital.com.br\/?p=164155","title":{"rendered":"Fluminense derrota o Flamengo e \u00e9 campe\u00e3o da Ta\u00e7a Rio"},"content":{"rendered":"<p>Em um jogo muito disputado durante os 90 minutos, Fluminense e Flamengo empataram em 1 a 1 &#8211; gols de Gilberto e Pedro (Fla) &#8211; e disputaram o t\u00edtulo da Ta\u00e7a Rio nos p\u00eanaltis. Na decis\u00e3o, destaque para Muriel, que fez duas defesas e garantiu a ta\u00e7a para as Laranjeiras e a vaga na decis\u00e3o do Campeonato Carioca, a ser iniciada no pr\u00f3ximo domingo, contra o mesmo rival.<\/p>\n<p><strong>PRIMEIRO TEMPO<\/strong><\/p>\n<p>O Fluminense iniciou a partida tentando dominar as a\u00e7\u00f5es. Antes do primeiro minuto, Nene aproveitou uma sobra e bateu forte, mas a bola subiu demais. O camisa 77 teve outra chance, em cobran\u00e7a de falta, aos 18, mas a bola ficou na barreira. Aos 24, mais um boa chance. Ap\u00f3s falta cobrada na \u00e1rea por Nene, a bola pipocou na \u00e1rea e sobrou para Gilberto. O lateral tentou de cabe\u00e7a e o goleiro advers\u00e1rio fez a defesa.<\/p>\n<p>O Flu chegou com muito perigo mais uma vez aos 35, com Yago aproveitando cruzamento da direita e batendo rente a trave. Na sequ\u00eancia, dois minutos depois, finalmente a bola entrou. Ap\u00f3s falta cobrada na \u00e1rea, Gilberto n\u00e3o desperdi\u00e7ou e, de cabe\u00e7a, abriu o placar para o Time de Guerreiros.<\/p>\n<p><strong>SEGUNDO TEMPO<\/strong><\/p>\n<p>O Fluminense retornou para a segunda etapa com uma mudan\u00e7a: Fernando Pacheco entrou no lugar de Evan\u00edlson. Antes dos 15, Marcos Paulo e Yago Felipe tiveram boas oportunidades travadas pela defesa advers\u00e1ria. O t\u00e9cnico Odair Hellmann fez outras altera\u00e7\u00f5es, com a entrada de Yuri e Caio Paulista nas vagas de Yago Felipe e Marcos Paulo. Aos 31 minutos, em trama pela esquerda, Pedro marcou o gol de empate do Flamengo.<\/p>\n<p>A \u00faltima substitui\u00e7\u00e3o no Tricolor foi a entrada de Michel Ara\u00fajo na vaga de Gilberto, aos 43. O Fluminense lutou at\u00e9 o fim e quase marcou o gol do t\u00edtulo aos 49, mas a defesa do advers\u00e1rio cortou um escanteio cobrado por Nene que tinha endere\u00e7o certo. Como o empate persistiu, a decis\u00e3o do t\u00edtulo da Ta\u00e7a Rio foi para os p\u00eanaltis.<\/p>\n<p><strong>P\u00caNALTIS<\/strong><\/p>\n<p>Nene abriu as cobran\u00e7as para o Fluminense e balan\u00e7ou as redes. Gabriel Barbosa bateu para o Flamengo e empatou. Dodi foi o segundo para o Flu e parou em Diego Alves. Muriel n\u00e3o deixou barato e pegou a cobran\u00e7a seguinte, de Willian Ar\u00e3o. O terceiro a cobrar pelo Tricolor foi Hudson, que tamb\u00e9m marcou. L\u00e9o Pereira foi na bola para o Flamengo e mandou para fora. O uruguaio Michel Ara\u00fajo fez a quarta cobran\u00e7a tricolor e parou em defesa do goleiro. Pedro foi para a bola pelo advers\u00e1rio e empatou. Fernando Pacheco foi para a quinta cobran\u00e7a e marcou. Rafinha fechou a s\u00e9rie de cobran\u00e7as para o rival e parou em Muriel, que garantiu o t\u00edtulo para o Fluminense!<\/p>\n<p><strong>FICHA T\u00c9CNICA<\/strong><br \/>\n<strong>TA\u00c7A RIO &#8211; FINAL<\/strong><br \/>\nMaracan\u00e3 &#8211; Rio de Janeiro\/RJ<\/p>\n<p><strong>Fluminense (1)<\/strong><br \/>\nMuriel; Gilberto (Michel Ara\u00fajo), Matheus Ferraz, Nino e Eg\u00eddio; Hudson, Yago Felipe (Yuri) e Dodi; Nene, Marcos Paulo (Caio Paulista) e Evan\u00edlson (Fernando Pacheco).<br \/>\nT\u00e9cnico: Odair Hellmann<\/p>\n<p><strong>Flamengo (1)<\/strong><br \/>\nDiego Alves; Rafinha, L\u00e9o Pereira, Rodrigo Caio e Filipe Lu\u00eds; Willian Ar\u00e3o, G\u00e9rson (DIego), Arrascaeta (Pedro) e \u00c9verton Ribeiro (Michael); Bruno Henrique (Vitinho) e Gabriel Barbosa.<br \/>\nT\u00e9cnico: Jorge Jesus<\/p>\n<p><strong>Gols<\/strong>: Gilberto (37&#8242; 1T) &#8211; FLU; Pedro (31&#8242; 2T) &#8211; FLA<br \/>\n<strong>Cart\u00f5es amarelos<\/strong>: Gilberto, Nene (FLU); L\u00e9o Pereira, Filipe Lu\u00eds, Rafinha (FLA)<br \/>\n<strong>Arbitragem<\/strong>: Bruno Arleu de Ara\u00fajo, auxiliado por Rodrigo Figueiredo Corr\u00eaa e Thiago Henrique Neto Farinha<\/p>\n<p><strong>Fonte:\u00a0<\/strong>Assessoria<\/p>\n<p>&nbsp;<\/p>\n","protected":false},"excerpt":{"rendered":"<p>Em um jogo muito disputado durante os 90 minutos, Fluminense e Flamengo empataram em 1 a 1 &#8211; gols de Gilberto e Pedro (Fla) &#8211; e disputaram o t\u00edtulo da Ta\u00e7a Rio nos p\u00eanaltis. Na decis\u00e3o, destaque para Muriel, que fez duas defesas e garantiu a ta\u00e7a para as Laranjeiras e a vaga na decis\u00e3o [&hellip;]<\/p>\n","protected":false},"author":96,"featured_media":164170,"comment_status":"closed","ping_status":"closed","sticky":false,"template":"","format":"standard","meta":{"footnotes":""},"categories":[436,257,439],"tags":[],"class_list":["post-164155","post","type-post","status-publish","format-standard","has-post-thumbnail","hentry","category-destaque-da-semana","category-esporte","category-ultima-hora"],"_links":{"self":[{"href":"https:\/\/diarioregionaldigital.com.br\/index.php?rest_route=\/wp\/v2\/posts\/164155","targetHints":{"allow":["GET"]}}],"collection":[{"href":"https:\/\/diarioregionaldigital.com.br\/index.php?rest_route=\/wp\/v2\/posts"}],"about":[{"href":"https:\/\/diarioregionaldigital.com.br\/index.php?rest_route=\/wp\/v2\/types\/post"}],"author":[{"embeddable":true,"href":"https:\/\/diarioregionaldigital.com.br\/index.php?rest_route=\/wp\/v2\/users\/96"}],"replies":[{"embeddable":true,"href":"https:\/\/diarioregionaldigital.com.br\/index.php?rest_route=%2Fwp%2Fv2%2Fcomments&post=164155"}],"version-history":[{"count":0,"href":"https:\/\/diarioregionaldigital.com.br\/index.php?rest_route=\/wp\/v2\/posts\/164155\/revisions"}],"wp:featuredmedia":[{"embeddable":true,"href":"https:\/\/diarioregionaldigital.com.br\/index.php?rest_route=\/wp\/v2\/media\/164170"}],"wp:attachment":[{"href":"https:\/\/diarioregionaldigital.com.br\/index.php?rest_route=%2Fwp%2Fv2%2Fmedia&parent=164155"}],"wp:term":[{"taxonomy":"category","embeddable":true,"href":"https:\/\/diarioregionaldigital.com.br\/index.php?rest_route=%2Fwp%2Fv2%2Fcategories&post=164155"},{"taxonomy":"post_tag","embeddable":true,"href":"https:\/\/diarioregionaldigital.com.br\/index.php?rest_route=%2Fwp%2Fv2%2Ftags&post=164155"}],"curies":[{"name":"wp","href":"https:\/\/api.w.org\/{rel}","templated":true}]}}