{"id":164152,"date":"2020-07-09T01:15:40","date_gmt":"2020-07-09T04:15:40","guid":{"rendered":"https:\/\/diarioregionaldigital.com.br\/?p=164152"},"modified":"2020-07-09T01:15:40","modified_gmt":"2020-07-09T04:15:40","slug":"funcionarios-do-transporte-coletivo-de-juiz-de-fora-protestam-por-atraso-de-pagamento-do-mes-de-junho","status":"publish","type":"post","link":"https:\/\/diarioregionaldigital.com.br\/?p=164152","title":{"rendered":"Funcion\u00e1rios do transporte coletivo de Juiz de Fora protestam por atraso de pagamento do m\u00eas de junho"},"content":{"rendered":"<p>Os funcion\u00e1rios de transporte coletivo de Juiz de Fora, realizaram na manh\u00e3 dessa quarta-feira (8) um protesto por conta de atraso no pagamento dos sal\u00e1rios referentes ao m\u00eas de junho. Segundo o Sindicato dos Trabalhadores em Transporte Rodovi\u00e1rio de Juiz de Fora (Sinttro\/JF), cerca de 200 motoristas e cobradores, cedidos \u00e0 Auto Nossa Senhora Aparecida Ltda. (Ansal), do Cons\u00f3rcio Via JF, e posteriormente realocados na Goretti Irm\u00e3os Ltda (Gil), do Cons\u00f3rcio Manchester, estiveram presentes na manifesta\u00e7\u00e3o. O tr\u00e2nsito no local ficou parcialmente impedido desde a Rua S\u00e3o Jo\u00e3o at\u00e9 a Rua Halfeld.<\/p>\n<p>Conforme o Sinttro, o protesto ocorreu ap\u00f3s uma altera\u00e7\u00e3o contratual, na qual algumas linhas da GIL foram transferidas para a Ansal em dezembro de 2019. Devido \u00e0 crise decorrente do Coronav\u00edrus, que gerou preju\u00edzo de mais de R$ 15 milh\u00f5es \u00e0s empresas, a Ansal devolveu as linhas e os motoristas e cobradores para a GIL no dia 15 de junho.<\/p>\n<p>Conforme o sindicato, os trabalhadores deveriam ter sido demitidos pela GIL para serem contratados, posteriormente, pela Ansal, o que n\u00e3o acabou acontecendo. A quest\u00e3o dos tais funcion\u00e1rios est\u00e1 prevista na MP 936\/2020, na qual diz que eles n\u00e3o podem ser demitidos mesmo em meio a dificuldades financeiras das empresas, que geram atrasos de pagamentos ao menos desde o \u00faltimo m\u00eas de maio.<\/p>\n<p>Os funcion\u00e1rios fizeram uma reuni\u00e3o on-line junto ao Minist\u00e9rio do Trabalho, mas n\u00e3o houve consenso e o servi\u00e7o de \u00f4nibus coletivo segue paralisado.<\/p>\n<p><strong>Protesto de propriet\u00e1rios de autoescola<\/strong><\/p>\n<p><strong>\u00a0<\/strong>Na parte da tarde de quarta-feira, os donos das autoescolas de Juiz de Fora, protagonizaram carreata, reivindicando o retorno das atividades, uma vez que est\u00e3o inclusas na onda branca do programa Minas Consciente, que regula a retomada econ\u00f4mica no estado. No entanto, os centros de forma\u00e7\u00e3o ainda n\u00e3o t\u00eam previs\u00e3o de reabertura em Juiz de Fora, que encontra-se na onda verde.<\/p>\n<p>A carreata iniciou na Pra\u00e7a Agassis, no Bairro Mariano Proc\u00f3pio e seguiram rumo \u00e0 sede da Prefeitura de Juiz de Fora (PJF), na Avenida Brasil. Segundo a organiza\u00e7\u00e3o, cerca de 21 dos 29 centros de forma\u00e7\u00e3o de condutores estiveram presentes na manifesta\u00e7\u00e3o, que teve o apoio do Sindicato dos Propriet\u00e1rios de Centros de Forma\u00e7\u00e3o de Condutores (SIPROCFC),<\/p>\n<p><strong>Donos de sal\u00f5es de beleza tamb\u00e9m protestam<\/strong><\/p>\n<p><strong>\u00a0<\/strong>Na manh\u00e3 de quarta-feira, os propriet\u00e1rios de sal\u00f5es de beleza tamb\u00e9m fizeram protestos, pela retomada de suas atividades. Organizado pelo Sindicato Intermunicipal da Classe Econ\u00f4mica do Setor de Beleza e Similares (Sinterbel), o ato reuniu manifestantes no Parque Halfeld, no Centro.<\/p>\n<p>O grupo presente no ato entregou um projeto de lei elaborado pelo sindicato, junto com os vereadores Vagner de Oliveira (PSC) e J\u00falio Obama J\u00fanior (PHS). O projeto visa que os servi\u00e7os de cabeleireiro, barbeiro, eletricista, manicure, pedicure, depilador, maquiador e similares como atividades essenciais\u201d.<\/p>\n<p>Atualmente, os centros de beleza est\u00e3o inclu\u00eddos na onda amarela do Minas Consciente, ou seja, a terceira onda na ordem de abertura. A Prefeitura de Juiz de Fora (PJF) diz que devido ao aumento de casos do Coronav\u00edrus, n\u00e3o h\u00e1 previs\u00e3o para que estes servi\u00e7os sejam declarados essenciais.<\/p>\n<p><strong>\u00a0 \u00a0 \u00a0\u00a0<\/strong><\/p>\n","protected":false},"excerpt":{"rendered":"<p>Os funcion\u00e1rios de transporte coletivo de Juiz de Fora, realizaram na manh\u00e3 dessa quarta-feira (8) um protesto por conta de atraso no pagamento dos sal\u00e1rios referentes ao m\u00eas de junho. Segundo o Sindicato dos Trabalhadores em Transporte Rodovi\u00e1rio de Juiz de Fora (Sinttro\/JF), cerca de 200 motoristas e cobradores, cedidos \u00e0 Auto Nossa Senhora Aparecida [&hellip;]<\/p>\n","protected":false},"author":96,"featured_media":164153,"comment_status":"closed","ping_status":"closed","sticky":false,"template":"","format":"standard","meta":{"footnotes":""},"categories":[253,436,440,439],"tags":[],"class_list":["post-164152","post","type-post","status-publish","format-standard","has-post-thumbnail","hentry","category-cidade","category-destaque-da-semana","category-destaques-do-dia","category-ultima-hora"],"_links":{"self":[{"href":"https:\/\/diarioregionaldigital.com.br\/index.php?rest_route=\/wp\/v2\/posts\/164152","targetHints":{"allow":["GET"]}}],"collection":[{"href":"https:\/\/diarioregionaldigital.com.br\/index.php?rest_route=\/wp\/v2\/posts"}],"about":[{"href":"https:\/\/diarioregionaldigital.com.br\/index.php?rest_route=\/wp\/v2\/types\/post"}],"author":[{"embeddable":true,"href":"https:\/\/diarioregionaldigital.com.br\/index.php?rest_route=\/wp\/v2\/users\/96"}],"replies":[{"embeddable":true,"href":"https:\/\/diarioregionaldigital.com.br\/index.php?rest_route=%2Fwp%2Fv2%2Fcomments&post=164152"}],"version-history":[{"count":0,"href":"https:\/\/diarioregionaldigital.com.br\/index.php?rest_route=\/wp\/v2\/posts\/164152\/revisions"}],"wp:featuredmedia":[{"embeddable":true,"href":"https:\/\/diarioregionaldigital.com.br\/index.php?rest_route=\/wp\/v2\/media\/164153"}],"wp:attachment":[{"href":"https:\/\/diarioregionaldigital.com.br\/index.php?rest_route=%2Fwp%2Fv2%2Fmedia&parent=164152"}],"wp:term":[{"taxonomy":"category","embeddable":true,"href":"https:\/\/diarioregionaldigital.com.br\/index.php?rest_route=%2Fwp%2Fv2%2Fcategories&post=164152"},{"taxonomy":"post_tag","embeddable":true,"href":"https:\/\/diarioregionaldigital.com.br\/index.php?rest_route=%2Fwp%2Fv2%2Ftags&post=164152"}],"curies":[{"name":"wp","href":"https:\/\/api.w.org\/{rel}","templated":true}]}}