{"id":164147,"date":"2020-07-08T18:41:36","date_gmt":"2020-07-08T21:41:36","guid":{"rendered":"https:\/\/diarioregionaldigital.com.br\/?p=164147"},"modified":"2020-07-08T18:41:36","modified_gmt":"2020-07-08T21:41:36","slug":"equipe-de-enfrentamento-ao-coronavirus-amplia-fiscalizacao-e-prevencao-em-benfica","status":"publish","type":"post","link":"https:\/\/diarioregionaldigital.com.br\/?p=164147","title":{"rendered":"Equipe de enfrentamento ao coronav\u00edrus amplia fiscaliza\u00e7\u00e3o e preven\u00e7\u00e3o em Benfica"},"content":{"rendered":"<p>As equipes de preven\u00e7\u00e3o e fiscaliza\u00e7\u00e3o do comboio \u201cDa Vida, Pela Vida\u201d estiveram, mais uma vez, no Bairro Benfica, na tarde desta quarta-feira, 8. O objetivo do trabalho foi o de refor\u00e7ar a ado\u00e7\u00e3o de medidas de prote\u00e7\u00e3o \u00e0 prolifera\u00e7\u00e3o da covid-19, com o cumprimento das normas decretadas pelo Munic\u00edpio. No \u00faltimo boletim divulgado pela Prefeitura de Juiz de Fora (PJF), a regi\u00e3o aparece em quarto lugar em n\u00famero de casos da doen\u00e7a, registrando 49 pessoas infectadas.<\/p>\n<p>Esta \u00e9 a sexta vez que o trabalho se concentra no bairro, desde a ado\u00e7\u00e3o da estrat\u00e9gia, em maio. At\u00e9 agora, 37 visitas j\u00e1 foram realizadas em toda a cidade. Nos dias 19 e 30 de maio, 6, 20, 27 de junho, e agora, 8 de julho, os profissionais envolvidos nas opera\u00e7\u00f5es de orienta\u00e7\u00e3o \u00e0 comunidade se deslocaram para a zona norte, atendendo \u00e0 indica\u00e7\u00e3o de demanda por intensifica\u00e7\u00e3o dos trabalhos na \u00e1rea.<\/p>\n<p>A defini\u00e7\u00e3o dos pontos de atua\u00e7\u00e3o segue levantamento dos locais com maior \u00edndice de den\u00fancias de desrespeito \u00e0s regras de isolamento social e funcionamento do com\u00e9rcio. Estas den\u00fancias chegam \u00e0 central da Guarda Municipal, atrav\u00e9s do telefone 153, \u00e0 Secretaria de Meio Ambiente e Ordenamento Urbano (Semaur), pelo 3690-7507, e ao canal da Ouvidoria do Munic\u00edpio, o\u00a0Fala.BR.<\/p>\n<p>Al\u00e9m de mensagem sonora de alerta \u00e0 popula\u00e7\u00e3o quanto \u00e0 urg\u00eancia do distanciamento social e do uso de m\u00e1scara, agentes de transporte e tr\u00e2nsito e de endemias, guardas municipais, fiscais de posturas e servidores da Ag\u00eancia de Prote\u00e7\u00e3o e Defesa do Consumidor (Procon), da abordagem social e da Defesa Civil fizeram corpo a corpo, seguro, com pessoas que circulavam pelo com\u00e9rcio do bairro. Eles distribu\u00edram material gr\u00e1fico com conte\u00fado de conscientiza\u00e7\u00e3o e m\u00e1scaras para aqueles flagrados sem a prote\u00e7\u00e3o.<\/p>\n<p>O enfrentamento \u00e0 pandemia conta com a participa\u00e7\u00e3o do Departamento Municipal de Limpeza Urbana (Demlurb), que realizou descontamina\u00e7\u00e3o de equipamentos p\u00fablicos durante a a\u00e7\u00e3o, com aplica\u00e7\u00e3o de solu\u00e7\u00e3o hipoclorito de s\u00f3dio e \u00e1gua. De acordo com o \u00f3rg\u00e3o, fazer parte de atividades como a do comboio \u00e9 oportunidade de uni\u00e3o entre as mais diferentes secretarias. A a\u00e7\u00e3o refor\u00e7a a objetivo da PJF, de evitar o avan\u00e7o da covid-19 na cidade, e demonstra o empenho dos diferentes setores na luta contra a doen\u00e7a.<\/p>\n<p>O objetivo da a\u00e7\u00e3o \u00e9 aproximar os servi\u00e7os da Prefeitura da popula\u00e7\u00e3o, alertando para os riscos de cont\u00e1gio pelo coronav\u00edrus em locais com alta concentra\u00e7\u00e3o de pessoas, como \u00e9 o caso do centro do Bairro Benfica, devido \u00e0 atra\u00e7\u00e3o gerada pelo seu com\u00e9rcio.<\/p>\n<p><strong>Fonte:<\/strong> Assessoria<\/p>\n","protected":false},"excerpt":{"rendered":"<p>As equipes de preven\u00e7\u00e3o e fiscaliza\u00e7\u00e3o do comboio \u201cDa Vida, Pela Vida\u201d estiveram, mais uma vez, no Bairro Benfica, na tarde desta quarta-feira, 8. O objetivo do trabalho foi o de refor\u00e7ar a ado\u00e7\u00e3o de medidas de prote\u00e7\u00e3o \u00e0 prolifera\u00e7\u00e3o da covid-19, com o cumprimento das normas decretadas pelo Munic\u00edpio. No \u00faltimo boletim divulgado pela [&hellip;]<\/p>\n","protected":false},"author":96,"featured_media":164148,"comment_status":"closed","ping_status":"closed","sticky":false,"template":"","format":"standard","meta":{"footnotes":""},"categories":[253,436,439],"tags":[],"class_list":["post-164147","post","type-post","status-publish","format-standard","has-post-thumbnail","hentry","category-cidade","category-destaque-da-semana","category-ultima-hora"],"_links":{"self":[{"href":"https:\/\/diarioregionaldigital.com.br\/index.php?rest_route=\/wp\/v2\/posts\/164147","targetHints":{"allow":["GET"]}}],"collection":[{"href":"https:\/\/diarioregionaldigital.com.br\/index.php?rest_route=\/wp\/v2\/posts"}],"about":[{"href":"https:\/\/diarioregionaldigital.com.br\/index.php?rest_route=\/wp\/v2\/types\/post"}],"author":[{"embeddable":true,"href":"https:\/\/diarioregionaldigital.com.br\/index.php?rest_route=\/wp\/v2\/users\/96"}],"replies":[{"embeddable":true,"href":"https:\/\/diarioregionaldigital.com.br\/index.php?rest_route=%2Fwp%2Fv2%2Fcomments&post=164147"}],"version-history":[{"count":0,"href":"https:\/\/diarioregionaldigital.com.br\/index.php?rest_route=\/wp\/v2\/posts\/164147\/revisions"}],"wp:featuredmedia":[{"embeddable":true,"href":"https:\/\/diarioregionaldigital.com.br\/index.php?rest_route=\/wp\/v2\/media\/164148"}],"wp:attachment":[{"href":"https:\/\/diarioregionaldigital.com.br\/index.php?rest_route=%2Fwp%2Fv2%2Fmedia&parent=164147"}],"wp:term":[{"taxonomy":"category","embeddable":true,"href":"https:\/\/diarioregionaldigital.com.br\/index.php?rest_route=%2Fwp%2Fv2%2Fcategories&post=164147"},{"taxonomy":"post_tag","embeddable":true,"href":"https:\/\/diarioregionaldigital.com.br\/index.php?rest_route=%2Fwp%2Fv2%2Ftags&post=164147"}],"curies":[{"name":"wp","href":"https:\/\/api.w.org\/{rel}","templated":true}]}}