{"id":164142,"date":"2020-07-08T18:35:10","date_gmt":"2020-07-08T21:35:10","guid":{"rendered":"https:\/\/diarioregionaldigital.com.br\/?p=164142"},"modified":"2020-07-08T18:35:10","modified_gmt":"2020-07-08T21:35:10","slug":"covid-19-juiz-de-fora-tem-2-406-casos-confirmados-e-71-mortes","status":"publish","type":"post","link":"https:\/\/diarioregionaldigital.com.br\/?p=164142","title":{"rendered":"Covid-19: Juiz de Fora tem 2.406 casos confirmados e 71 mortes"},"content":{"rendered":"<p>A Secretaria de Sa\u00fade (SS) da Prefeitura de Juiz de Fora (PJF), registrou em boletim epidemiol\u00f3gico divulgado nesta quarta-feira (8), mais 79 novos casos de Coronav\u00edrus, totalizando 2.406. Foram registrados mais tr\u00eas mortes, totalizando 71. Al\u00e9m disso, 332 novas suspeitas foram registradas, contabilizando 9.359. Dois \u00f3bitos est\u00e3o sendo investigados.<\/p>\n<p><b>\u00d3bitos:<\/b><\/p>\n<p>Idosa, de 81 anos, morreu na segunda-feira, 6. Comorbidades: Doen\u00e7a Cardiovascular Cr\u00f4nica (DCC) e Doen\u00e7a Renal Cr\u00f4nica (DRC);<\/p>\n<p>Homem, de 58 anos, morreu nessa ter\u00e7a-feira, 7. Comorbidades: Doen\u00e7a Renal Cr\u00f4nica (DRC), Diabetes Mellitus e Hipertens\u00e3o Arterial Sist\u00eamica (HAS);<\/p>\n<p>Idosa, de 77 anos, morreu nesta quarta-feira, 8. Comorbidade: Doen\u00e7a Cardiovascular Cr\u00f4nica (DCC), Diabetes Mellitus e obesidade.<\/p>\n","protected":false},"excerpt":{"rendered":"<p>A Secretaria de Sa\u00fade (SS) da Prefeitura de Juiz de Fora (PJF), registrou em boletim epidemiol\u00f3gico divulgado nesta quarta-feira (8), mais 79 novos casos de Coronav\u00edrus, totalizando 2.406. Foram registrados mais tr\u00eas mortes, totalizando 71. Al\u00e9m disso, 332 novas suspeitas foram registradas, contabilizando 9.359. Dois \u00f3bitos est\u00e3o sendo investigados. \u00d3bitos: Idosa, de 81 anos, morreu [&hellip;]<\/p>\n","protected":false},"author":96,"featured_media":161296,"comment_status":"closed","ping_status":"closed","sticky":false,"template":"","format":"standard","meta":{"footnotes":""},"categories":[253,436,440,439],"tags":[],"class_list":["post-164142","post","type-post","status-publish","format-standard","has-post-thumbnail","hentry","category-cidade","category-destaque-da-semana","category-destaques-do-dia","category-ultima-hora"],"_links":{"self":[{"href":"https:\/\/diarioregionaldigital.com.br\/index.php?rest_route=\/wp\/v2\/posts\/164142","targetHints":{"allow":["GET"]}}],"collection":[{"href":"https:\/\/diarioregionaldigital.com.br\/index.php?rest_route=\/wp\/v2\/posts"}],"about":[{"href":"https:\/\/diarioregionaldigital.com.br\/index.php?rest_route=\/wp\/v2\/types\/post"}],"author":[{"embeddable":true,"href":"https:\/\/diarioregionaldigital.com.br\/index.php?rest_route=\/wp\/v2\/users\/96"}],"replies":[{"embeddable":true,"href":"https:\/\/diarioregionaldigital.com.br\/index.php?rest_route=%2Fwp%2Fv2%2Fcomments&post=164142"}],"version-history":[{"count":0,"href":"https:\/\/diarioregionaldigital.com.br\/index.php?rest_route=\/wp\/v2\/posts\/164142\/revisions"}],"wp:featuredmedia":[{"embeddable":true,"href":"https:\/\/diarioregionaldigital.com.br\/index.php?rest_route=\/wp\/v2\/media\/161296"}],"wp:attachment":[{"href":"https:\/\/diarioregionaldigital.com.br\/index.php?rest_route=%2Fwp%2Fv2%2Fmedia&parent=164142"}],"wp:term":[{"taxonomy":"category","embeddable":true,"href":"https:\/\/diarioregionaldigital.com.br\/index.php?rest_route=%2Fwp%2Fv2%2Fcategories&post=164142"},{"taxonomy":"post_tag","embeddable":true,"href":"https:\/\/diarioregionaldigital.com.br\/index.php?rest_route=%2Fwp%2Fv2%2Ftags&post=164142"}],"curies":[{"name":"wp","href":"https:\/\/api.w.org\/{rel}","templated":true}]}}