{"id":164139,"date":"2020-07-08T17:45:34","date_gmt":"2020-07-08T20:45:34","guid":{"rendered":"https:\/\/diarioregionaldigital.com.br\/?p=164139"},"modified":"2020-07-08T17:45:34","modified_gmt":"2020-07-08T20:45:34","slug":"vigilancia-sanitaria-disponibiliza-orientacoes-para-donos-de-estabelecimentos-comerciais","status":"publish","type":"post","link":"https:\/\/diarioregionaldigital.com.br\/?p=164139","title":{"rendered":"Vigil\u00e2ncia Sanit\u00e1ria disponibiliza orienta\u00e7\u00f5es para donos de estabelecimentos comerciais"},"content":{"rendered":"<p><span style=\"font-weight: 400;\">O Departamento de Vigil\u00e2ncia Sanit\u00e1ria (Dvisa), da Prefeitura de Juiz de Fora (PJF), encaminhou aos estabelecimentos comerciais da cidade Nota T\u00e9cnica, de n\u00famero 11\/2020, estabelecendo as principais medidas preventivas para enfrentamento \u00e0 covid-19, que devem ser implantadas nos diversos segmentos do com\u00e9rcio.<\/span><\/p>\n<p><span style=\"font-weight: 400;\">A respeito da higieniza\u00e7\u00e3o dos locais, j\u00e1 \u00e9 recomendado desde o in\u00edcio da pandemia a necessidade de intensificar limpeza e desinfec\u00e7\u00e3o dos ambientes e mobili\u00e1rios, bem como pontos estrat\u00e9gicos, como corrim\u00e3os, elevadores, ma\u00e7anetas e telefones, dentre outros, com solu\u00e7\u00e3o alco\u00f3lica a 70%. A Vigil\u00e2ncia Sanit\u00e1ria ressaltou que o fechamento e desinfec\u00e7\u00e3o total do estabelecimento, por empresa especializada, nos casos de identifica\u00e7\u00e3o de pacientes positivos para coronav\u00edrus no local, ficam a crit\u00e9rio dos respons\u00e1veis pela empresa, como medida complementar de intensifica\u00e7\u00e3o \u00e0 higiene e limpeza.<\/span><\/p>\n<p><span style=\"font-weight: 400;\">Tamb\u00e9m cabe \u00e0 empresa aferir a temperatura de todos os funcion\u00e1rios, no in\u00edcio e final do turno. Os trabalhadores que apresentarem temperatura igual ou superior a 37,5\u00baC devem ser orientados a buscar assist\u00eancia m\u00e9dica. Al\u00e9m disso, cabe ao estabelecimento manter fornecimento regular e adequado de equipamentos de prote\u00e7\u00e3o individual (EPIs), levando em considera\u00e7\u00e3o o tipo de fun\u00e7\u00e3o desempenhada.<\/span><\/p>\n<p><b>Trabalhador com sintomas gripais<\/b><\/p>\n<p><span style=\"font-weight: 400;\">Todo funcion\u00e1rio que apresentar sintomas compat\u00edveis com os de s\u00edndrome gripal, como febre (&gt;37,8\u00baC), tosse, dispneia, mialgia, fadiga e sintomas respirat\u00f3rios superiores, devem ser encaminhados para medicina ocupacional ou unidade de sa\u00fade, para avalia\u00e7\u00e3o m\u00e9dica. Nesse sentido, cabe ao profissional de sa\u00fade indicar, ou n\u00e3o, o afastamento do trabalho.<\/span><\/p>\n<p><b>Testagem<\/b><\/p>\n<p><span style=\"font-weight: 400;\">Cabe tamb\u00e9m ao profissional de sa\u00fade que realizar o atendimento do trabalhador definir se h\u00e1, ou n\u00e3o, necessidade de testagem para comprova\u00e7\u00e3o ou descarte de covid-19. Al\u00e9m disso, o afastamento e o retorno ao trabalho devem ocorrer mediante orienta\u00e7\u00e3o m\u00e9dica.<\/span><\/p>\n<p><strong>Fonte:<\/strong> Assessoria<\/p>\n","protected":false},"excerpt":{"rendered":"<p>O Departamento de Vigil\u00e2ncia Sanit\u00e1ria (Dvisa), da Prefeitura de Juiz de Fora (PJF), encaminhou aos estabelecimentos comerciais da cidade Nota T\u00e9cnica, de n\u00famero 11\/2020, estabelecendo as principais medidas preventivas para enfrentamento \u00e0 covid-19, que devem ser implantadas nos diversos segmentos do com\u00e9rcio. A respeito da higieniza\u00e7\u00e3o dos locais, j\u00e1 \u00e9 recomendado desde o in\u00edcio da [&hellip;]<\/p>\n","protected":false},"author":96,"featured_media":164140,"comment_status":"closed","ping_status":"closed","sticky":false,"template":"","format":"standard","meta":{"footnotes":""},"categories":[253,436,439],"tags":[],"class_list":["post-164139","post","type-post","status-publish","format-standard","has-post-thumbnail","hentry","category-cidade","category-destaque-da-semana","category-ultima-hora"],"_links":{"self":[{"href":"https:\/\/diarioregionaldigital.com.br\/index.php?rest_route=\/wp\/v2\/posts\/164139","targetHints":{"allow":["GET"]}}],"collection":[{"href":"https:\/\/diarioregionaldigital.com.br\/index.php?rest_route=\/wp\/v2\/posts"}],"about":[{"href":"https:\/\/diarioregionaldigital.com.br\/index.php?rest_route=\/wp\/v2\/types\/post"}],"author":[{"embeddable":true,"href":"https:\/\/diarioregionaldigital.com.br\/index.php?rest_route=\/wp\/v2\/users\/96"}],"replies":[{"embeddable":true,"href":"https:\/\/diarioregionaldigital.com.br\/index.php?rest_route=%2Fwp%2Fv2%2Fcomments&post=164139"}],"version-history":[{"count":0,"href":"https:\/\/diarioregionaldigital.com.br\/index.php?rest_route=\/wp\/v2\/posts\/164139\/revisions"}],"wp:featuredmedia":[{"embeddable":true,"href":"https:\/\/diarioregionaldigital.com.br\/index.php?rest_route=\/wp\/v2\/media\/164140"}],"wp:attachment":[{"href":"https:\/\/diarioregionaldigital.com.br\/index.php?rest_route=%2Fwp%2Fv2%2Fmedia&parent=164139"}],"wp:term":[{"taxonomy":"category","embeddable":true,"href":"https:\/\/diarioregionaldigital.com.br\/index.php?rest_route=%2Fwp%2Fv2%2Fcategories&post=164139"},{"taxonomy":"post_tag","embeddable":true,"href":"https:\/\/diarioregionaldigital.com.br\/index.php?rest_route=%2Fwp%2Fv2%2Ftags&post=164139"}],"curies":[{"name":"wp","href":"https:\/\/api.w.org\/{rel}","templated":true}]}}