{"id":164136,"date":"2020-07-08T17:11:06","date_gmt":"2020-07-08T20:11:06","guid":{"rendered":"https:\/\/diarioregionaldigital.com.br\/?p=164136"},"modified":"2020-07-08T17:11:06","modified_gmt":"2020-07-08T20:11:06","slug":"autora-e-presa-por-comercializar-drogas-no-bairro-sao-bernardo","status":"publish","type":"post","link":"https:\/\/diarioregionaldigital.com.br\/?p=164136","title":{"rendered":"Autora \u00e9 presa por comercializar drogas no Bairro S\u00e3o Bernardo"},"content":{"rendered":"<p>Uma mulher de 31 anos, foi presa pela Pol\u00edcia Militar (PM), por comercializar drogas no Bairro S\u00e3o Bernardo (Regi\u00e3o Leste) em Juiz de Fora. A autora foi abordada durante um patrulhamento pelo local e a mesma tentou fugir, mas sem sucesso. Durante buscas, foram encontradas <span style=\"font-weight: 400;\">67 pedras de crack, uma f<\/span><span style=\"font-weight: 400;\">aca, um celular, uma lanterna e R$335,60 em dinheiro. Autora presa em flagrante e materiais recolhidos.<\/span><\/p>\n<p>&nbsp;<\/p>\n<p>&nbsp;<\/p>\n","protected":false},"excerpt":{"rendered":"<p>Uma mulher de 31 anos, foi presa pela Pol\u00edcia Militar (PM), por comercializar drogas no Bairro S\u00e3o Bernardo (Regi\u00e3o Leste) em Juiz de Fora. A autora foi abordada durante um patrulhamento pelo local e a mesma tentou fugir, mas sem sucesso. Durante buscas, foram encontradas 67 pedras de crack, uma faca, um celular, uma lanterna [&hellip;]<\/p>\n","protected":false},"author":96,"featured_media":164137,"comment_status":"closed","ping_status":"closed","sticky":false,"template":"","format":"standard","meta":{"footnotes":""},"categories":[301,436,439],"tags":[],"class_list":["post-164136","post","type-post","status-publish","format-standard","has-post-thumbnail","hentry","category-artigos-policiais","category-destaque-da-semana","category-ultima-hora"],"_links":{"self":[{"href":"https:\/\/diarioregionaldigital.com.br\/index.php?rest_route=\/wp\/v2\/posts\/164136","targetHints":{"allow":["GET"]}}],"collection":[{"href":"https:\/\/diarioregionaldigital.com.br\/index.php?rest_route=\/wp\/v2\/posts"}],"about":[{"href":"https:\/\/diarioregionaldigital.com.br\/index.php?rest_route=\/wp\/v2\/types\/post"}],"author":[{"embeddable":true,"href":"https:\/\/diarioregionaldigital.com.br\/index.php?rest_route=\/wp\/v2\/users\/96"}],"replies":[{"embeddable":true,"href":"https:\/\/diarioregionaldigital.com.br\/index.php?rest_route=%2Fwp%2Fv2%2Fcomments&post=164136"}],"version-history":[{"count":0,"href":"https:\/\/diarioregionaldigital.com.br\/index.php?rest_route=\/wp\/v2\/posts\/164136\/revisions"}],"wp:featuredmedia":[{"embeddable":true,"href":"https:\/\/diarioregionaldigital.com.br\/index.php?rest_route=\/wp\/v2\/media\/164137"}],"wp:attachment":[{"href":"https:\/\/diarioregionaldigital.com.br\/index.php?rest_route=%2Fwp%2Fv2%2Fmedia&parent=164136"}],"wp:term":[{"taxonomy":"category","embeddable":true,"href":"https:\/\/diarioregionaldigital.com.br\/index.php?rest_route=%2Fwp%2Fv2%2Fcategories&post=164136"},{"taxonomy":"post_tag","embeddable":true,"href":"https:\/\/diarioregionaldigital.com.br\/index.php?rest_route=%2Fwp%2Fv2%2Ftags&post=164136"}],"curies":[{"name":"wp","href":"https:\/\/api.w.org\/{rel}","templated":true}]}}