{"id":164133,"date":"2020-07-08T17:07:26","date_gmt":"2020-07-08T20:07:26","guid":{"rendered":"https:\/\/diarioregionaldigital.com.br\/?p=164133"},"modified":"2020-07-08T17:07:26","modified_gmt":"2020-07-08T20:07:26","slug":"adolescente-e-preso-com-posse-de-arma-de-fogo-no-jardim-natal","status":"publish","type":"post","link":"https:\/\/diarioregionaldigital.com.br\/?p=164133","title":{"rendered":"Adolescente \u00e9 preso com posse de arma de fogo no Jardim Natal"},"content":{"rendered":"<p>A Pol\u00edcia Militar (PM) prendeu um adolescente de 17 anos, por posse ilegal de arma de fogo no Bairro Jardim Natal (Regi\u00e3o Noroeste) em Juiz de Fora. Durante a abordagem, o menor notou a presen\u00e7a policial e empreendeu fuga do local, mas acabou sendo pego logo em seguida. Durante buscas pessoais, foi encontrada uma pistola carregada com 12 cartuchos. <span style=\"font-weight: 400;\">Em seguida, foi encontrado uma sacola que o menor estava com ela durante a corrida, contendo buchas de maconha. Durante rastreamentos, os policiais encontraram outros materiais enterrados pelo local. Ao todo foram apreendidos R$ <\/span><span style=\"font-weight: 400;\">165,00 em dinheiro, uma <\/span><span style=\"font-weight: 400;\">balan\u00e7a de precis\u00e3o, uma<\/span><span style=\"font-weight: 400;\"> faca, uma<\/span><span style=\"font-weight: 400;\"> pistola,<\/span><span style=\"font-weight: 400;\">12 muni\u00e7\u00f5es e um carregador calibre 380, <\/span><span style=\"font-weight: 400;\">138 pedras de crack, uma<\/span><span style=\"font-weight: 400;\"> pedra bruta de crack, duas<\/span><span style=\"font-weight: 400;\"> barras de maconha prensada, <\/span><span style=\"font-weight: 400;\">24 buchas de maconha e um<\/span><span style=\"font-weight: 400;\"> cord\u00e3o dourado. Autor preso em flagrante e materiais apreendidos.<\/span><\/p>\n","protected":false},"excerpt":{"rendered":"<p>A Pol\u00edcia Militar (PM) prendeu um adolescente de 17 anos, por posse ilegal de arma de fogo no Bairro Jardim Natal (Regi\u00e3o Noroeste) em Juiz de Fora. Durante a abordagem, o menor notou a presen\u00e7a policial e empreendeu fuga do local, mas acabou sendo pego logo em seguida. Durante buscas pessoais, foi encontrada uma pistola [&hellip;]<\/p>\n","protected":false},"author":96,"featured_media":164134,"comment_status":"closed","ping_status":"closed","sticky":false,"template":"","format":"standard","meta":{"footnotes":""},"categories":[301,436,439],"tags":[],"class_list":["post-164133","post","type-post","status-publish","format-standard","has-post-thumbnail","hentry","category-artigos-policiais","category-destaque-da-semana","category-ultima-hora"],"_links":{"self":[{"href":"https:\/\/diarioregionaldigital.com.br\/index.php?rest_route=\/wp\/v2\/posts\/164133","targetHints":{"allow":["GET"]}}],"collection":[{"href":"https:\/\/diarioregionaldigital.com.br\/index.php?rest_route=\/wp\/v2\/posts"}],"about":[{"href":"https:\/\/diarioregionaldigital.com.br\/index.php?rest_route=\/wp\/v2\/types\/post"}],"author":[{"embeddable":true,"href":"https:\/\/diarioregionaldigital.com.br\/index.php?rest_route=\/wp\/v2\/users\/96"}],"replies":[{"embeddable":true,"href":"https:\/\/diarioregionaldigital.com.br\/index.php?rest_route=%2Fwp%2Fv2%2Fcomments&post=164133"}],"version-history":[{"count":0,"href":"https:\/\/diarioregionaldigital.com.br\/index.php?rest_route=\/wp\/v2\/posts\/164133\/revisions"}],"wp:featuredmedia":[{"embeddable":true,"href":"https:\/\/diarioregionaldigital.com.br\/index.php?rest_route=\/wp\/v2\/media\/164134"}],"wp:attachment":[{"href":"https:\/\/diarioregionaldigital.com.br\/index.php?rest_route=%2Fwp%2Fv2%2Fmedia&parent=164133"}],"wp:term":[{"taxonomy":"category","embeddable":true,"href":"https:\/\/diarioregionaldigital.com.br\/index.php?rest_route=%2Fwp%2Fv2%2Fcategories&post=164133"},{"taxonomy":"post_tag","embeddable":true,"href":"https:\/\/diarioregionaldigital.com.br\/index.php?rest_route=%2Fwp%2Fv2%2Ftags&post=164133"}],"curies":[{"name":"wp","href":"https:\/\/api.w.org\/{rel}","templated":true}]}}