{"id":164130,"date":"2020-07-08T16:17:58","date_gmt":"2020-07-08T19:17:58","guid":{"rendered":"https:\/\/diarioregionaldigital.com.br\/?p=164130"},"modified":"2020-07-08T16:17:58","modified_gmt":"2020-07-08T19:17:58","slug":"servidores-da-sel-participam-de-webinar-da-cbf-sobre-arbitragem-no-futebol","status":"publish","type":"post","link":"https:\/\/diarioregionaldigital.com.br\/?p=164130","title":{"rendered":"Servidores da SEL participam de webinar da CBF sobre arbitragem no futebol"},"content":{"rendered":"<p>Dezenas de servidores da Secretaria de Esporte e Lazer (SEL) da Prefeitura de Juiz de Fora (PJF) e colaboradores da Liga de Futebol da cidade (LFJF) participam na tarde desta quarta-feira, 8, de semin\u00e1rio virtual (webinar), com o tema &#8220;Linha de Atua\u00e7\u00e3o da Arbitragem Brasileira &#8211; Temporada 2020&#8221;. O evento, promovido pela comiss\u00e3o de arbitragem da Confedera\u00e7\u00e3o Brasileira de Futebol (CBF), \u00e9 oferecido gratuitamente, com acesso remoto e certificado de participa\u00e7\u00e3o para aqueles que se inscreveram. O curso acontece das 14 \u00e0s 18 horas, e quem n\u00e3o se inscrever basta acessar o link\u00a0www.cbf.com.br\/cbf-tv\/\u00a0Ser\u00e3o abordados os temas pilar t\u00e9cnico; \u00e1rbitro assistente de v\u00eddeo (VAR, do ingl\u00eas video assistant referee); altera\u00e7\u00e3o das regras 2020\/21; e protocolo de retorno.<\/p>\n<p>O convite aos servidores da SEL foi feito pelo Departamento de Organiza\u00e7\u00e3o, Promo\u00e7\u00e3o e Execu\u00e7\u00e3o de Eventos de Esporte e Lazer (Dopeel) da SEL. Para o gerente do setor, Ricardo Wagner, &#8220;o curso \u00e9 fundamental, pois est\u00e1 diretamente ligado \u00e0s competi\u00e7\u00f5es, principalmente ao futebol. A regra mundial \u00e9 a mesma, tanto para o futebol profissional, quanto para o amador&#8221;. O Dopeel \u00e9 respons\u00e1vel pelas copas de futebol amador, futsal e o Festival Esportivo das Escolas Rurais, entre outras atividades.<\/p>\n","protected":false},"excerpt":{"rendered":"<p>Dezenas de servidores da Secretaria de Esporte e Lazer (SEL) da Prefeitura de Juiz de Fora (PJF) e colaboradores da Liga de Futebol da cidade (LFJF) participam na tarde desta quarta-feira, 8, de semin\u00e1rio virtual (webinar), com o tema &#8220;Linha de Atua\u00e7\u00e3o da Arbitragem Brasileira &#8211; Temporada 2020&#8221;. O evento, promovido pela comiss\u00e3o de arbitragem [&hellip;]<\/p>\n","protected":false},"author":96,"featured_media":164131,"comment_status":"closed","ping_status":"closed","sticky":false,"template":"","format":"standard","meta":{"footnotes":""},"categories":[436,257,439],"tags":[],"class_list":["post-164130","post","type-post","status-publish","format-standard","has-post-thumbnail","hentry","category-destaque-da-semana","category-esporte","category-ultima-hora"],"_links":{"self":[{"href":"https:\/\/diarioregionaldigital.com.br\/index.php?rest_route=\/wp\/v2\/posts\/164130","targetHints":{"allow":["GET"]}}],"collection":[{"href":"https:\/\/diarioregionaldigital.com.br\/index.php?rest_route=\/wp\/v2\/posts"}],"about":[{"href":"https:\/\/diarioregionaldigital.com.br\/index.php?rest_route=\/wp\/v2\/types\/post"}],"author":[{"embeddable":true,"href":"https:\/\/diarioregionaldigital.com.br\/index.php?rest_route=\/wp\/v2\/users\/96"}],"replies":[{"embeddable":true,"href":"https:\/\/diarioregionaldigital.com.br\/index.php?rest_route=%2Fwp%2Fv2%2Fcomments&post=164130"}],"version-history":[{"count":0,"href":"https:\/\/diarioregionaldigital.com.br\/index.php?rest_route=\/wp\/v2\/posts\/164130\/revisions"}],"wp:featuredmedia":[{"embeddable":true,"href":"https:\/\/diarioregionaldigital.com.br\/index.php?rest_route=\/wp\/v2\/media\/164131"}],"wp:attachment":[{"href":"https:\/\/diarioregionaldigital.com.br\/index.php?rest_route=%2Fwp%2Fv2%2Fmedia&parent=164130"}],"wp:term":[{"taxonomy":"category","embeddable":true,"href":"https:\/\/diarioregionaldigital.com.br\/index.php?rest_route=%2Fwp%2Fv2%2Fcategories&post=164130"},{"taxonomy":"post_tag","embeddable":true,"href":"https:\/\/diarioregionaldigital.com.br\/index.php?rest_route=%2Fwp%2Fv2%2Ftags&post=164130"}],"curies":[{"name":"wp","href":"https:\/\/api.w.org\/{rel}","templated":true}]}}