{"id":164127,"date":"2020-07-08T16:09:53","date_gmt":"2020-07-08T19:09:53","guid":{"rendered":"https:\/\/diarioregionaldigital.com.br\/?p=164127"},"modified":"2020-07-08T16:09:53","modified_gmt":"2020-07-08T19:09:53","slug":"governador-de-sp-joao-doria-anuncia-volta-do-campeonato-paulista-para-o-dia-22-de-julho","status":"publish","type":"post","link":"https:\/\/diarioregionaldigital.com.br\/?p=164127","title":{"rendered":"Governador de SP, Jo\u00e3o Doria anuncia volta do Campeonato Paulista para o dia 22 de julho"},"content":{"rendered":"<p><span style=\"font-weight: 400;\">O Governador do Estado de S\u00e3o Paulo, Jo\u00e3o Doria (PSDB), anunciou nesta quarta-feira (8), o retorno do Campeonato Paulista para o dia 22 deste m\u00eas. <\/span><span style=\"font-weight: 400;\">Os jogos n\u00e3o poder\u00e3o receber torcedores e s\u00f3 ser\u00e3o realizados em cidades que est\u00e3o na fase amarela do Plano S\u00e3o Paulo de enfrentamento ao coronav\u00edrus.<\/span><\/p>\n<p><span style=\"font-weight: 400;\">O an\u00fancio foi feito sob a presen\u00e7a do presidente da Federa\u00e7\u00e3o Paulista de Futebol (FPF), Reinaldo Carneiro Bastos, e pelo ex-volante Mauro Silva, um dos vice-presidentes da entidade.<\/span><\/p>\n<p><span style=\"font-weight: 400;\">Durante a coletiva de imprensa, Jo\u00e3o Doria diz que foi feito um protocolo que previa a retomada do futebol no estado e o mesmo foi aprovado pelo Comit\u00ea de Sa\u00fade junto a FPF:<\/span><\/p>\n<p><span style=\"font-weight: 400;\">\u201cNosso Comit\u00ea de Sa\u00fade aprovou em conjunto com a Federa\u00e7\u00e3o Paulista de Futebol o novo protocolo de retomada do Campeonato Paulista. Quero registrar que a FPF agiu de forma correta e plena, atendendo integralmente \u00e0s recomenda\u00e7\u00f5es do Centro de Conting\u00eancia da COVID-19. Ainda que sem a presen\u00e7a de torcida, todos poder\u00e3o assistir pela televis\u00e3o e torcer para seus clubes\u201d.<\/span><\/p>\n<p><span style=\"font-weight: 400;\">J\u00e1 o presidente da FPF diz que est\u00e1 em conversas com a Confedera\u00e7\u00e3o Brasileira de Futebol (CBF), sobre a quest\u00e3o do calend\u00e1rio, uma vez que o Campeonato Brasileiro retorna na primeira semana de agosto:<\/span><\/p>\n<p><span style=\"font-weight: 400;\">\u201cVamos achar o melhor caminho, a melhor forma. Esse assunto vai ser tratado quando definirmos os dois finalistas. Depende de quem estiver na final\u201d<\/span><\/p>\n<p><span style=\"font-weight: 400;\">Segundo Jo\u00e3o Doria, os jogos s\u00f3 poder\u00e3o ocorrer em cidades que estejam na fase amarela do chamado Plano S\u00e3o Paulo, que determina a reabertura das regi\u00f5es em meio \u00e0 pandemia do novo coronav\u00edrus. \u00c9 o caso, no momento, apenas da capital e de parte da Regi\u00e3o Metropolitana \u2013 as sub-regi\u00f5es Sudoeste e Sudeste, onde ficam munic\u00edpios como Santo Andr\u00e9, S\u00e3o Caetano e Diadema.<\/span><\/p>\n<p><b>Protocolo<\/b><\/p>\n<p><span style=\"font-weight: 400;\">Dentre as exig\u00eancias estipuladas pelo Centro de Conting\u00eancia do Coronav\u00edrus, est\u00e1 testagem de todas as pessoas envolvidas em cada partida. Se qualquer atleta ou profissional testar positivo, haver\u00e1 o afastamento imediato da pessoa infectada e a reavalia\u00e7\u00e3o cl\u00ednica de todos os demais com quem houve contato direto.<\/span><\/p>\n<p><span style=\"font-weight: 400;\">Al\u00e9m disso, haver\u00e1 limita\u00e7\u00e3o de acesso de profissionais \u2013 incluindo atletas, comiss\u00f5es t\u00e9cnicas, corpo m\u00e9dico, equipes de arbitragem, funcion\u00e1rios operacionais, seguran\u00e7as e jornalistas \u2013 em todas as partidas. O uso de m\u00e1scaras ser\u00e1 obrigat\u00f3rio, com exce\u00e7\u00e3o de jogadores e arbitragem durante os jogos.<\/span><\/p>\n<p><span style=\"font-weight: 400;\">Tamb\u00e9m est\u00e3o previstas medidas referentes ao distanciamento social nos est\u00e1dios e nas <\/span><span style=\"font-weight: 400;\">depend\u00eancias como vesti\u00e1rios, cabines de imprensa e campo de jogo:<\/span><\/p>\n<p><span style=\"font-weight: 400;\">\u201cEm nenhum momento faltou aten\u00e7\u00e3o, di\u00e1logo ou harmonia entre o futebol de S\u00e3o Paulo e as autoridades do Estado. O futebol de S\u00e3o Paulo vai continuar respeitando vidas e cumprindo rigorosamente os protocolos aprovados pelos m\u00e9dicos\u201d, disse o Presidente da FPF, Reinaldo Bastos.<\/span><\/p>\n<p><b>Reuni\u00f5es com os clubes<\/b><\/p>\n<p><span style=\"font-weight: 400;\">Em nota oficial, a FPF anunciou que haver\u00e1 reuni\u00f5es com os clubes participantes da primeira e segunda divis\u00e3o do Campeonato Paulista:<\/span><\/p>\n<p><i><span style=\"font-weight: 400;\">\u201cFoi convocado para esta quinta-feira, 11h, novo Conselho T\u00e9cnico da competi\u00e7\u00e3o com todos os clubes participantes para definir detalhes da retomada.<\/span><\/i><\/p>\n<p><i><span style=\"font-weight: 400;\">Na pr\u00f3xima ter\u00e7a-feira (14), tamb\u00e9m 11h, a FPF realizar\u00e1 reuni\u00e3o com os representantes do Campeonato Paulista S\u00e9rie A2 para discutir os pr\u00f3ximos passos para o retorno da competi\u00e7\u00e3o\u201d.<\/span><\/i><\/p>\n","protected":false},"excerpt":{"rendered":"<p>O Governador do Estado de S\u00e3o Paulo, Jo\u00e3o Doria (PSDB), anunciou nesta quarta-feira (8), o retorno do Campeonato Paulista para o dia 22 deste m\u00eas. Os jogos n\u00e3o poder\u00e3o receber torcedores e s\u00f3 ser\u00e3o realizados em cidades que est\u00e3o na fase amarela do Plano S\u00e3o Paulo de enfrentamento ao coronav\u00edrus. O an\u00fancio foi feito sob [&hellip;]<\/p>\n","protected":false},"author":96,"featured_media":164128,"comment_status":"closed","ping_status":"closed","sticky":false,"template":"","format":"standard","meta":{"footnotes":""},"categories":[436,257,439],"tags":[],"class_list":["post-164127","post","type-post","status-publish","format-standard","has-post-thumbnail","hentry","category-destaque-da-semana","category-esporte","category-ultima-hora"],"_links":{"self":[{"href":"https:\/\/diarioregionaldigital.com.br\/index.php?rest_route=\/wp\/v2\/posts\/164127","targetHints":{"allow":["GET"]}}],"collection":[{"href":"https:\/\/diarioregionaldigital.com.br\/index.php?rest_route=\/wp\/v2\/posts"}],"about":[{"href":"https:\/\/diarioregionaldigital.com.br\/index.php?rest_route=\/wp\/v2\/types\/post"}],"author":[{"embeddable":true,"href":"https:\/\/diarioregionaldigital.com.br\/index.php?rest_route=\/wp\/v2\/users\/96"}],"replies":[{"embeddable":true,"href":"https:\/\/diarioregionaldigital.com.br\/index.php?rest_route=%2Fwp%2Fv2%2Fcomments&post=164127"}],"version-history":[{"count":0,"href":"https:\/\/diarioregionaldigital.com.br\/index.php?rest_route=\/wp\/v2\/posts\/164127\/revisions"}],"wp:featuredmedia":[{"embeddable":true,"href":"https:\/\/diarioregionaldigital.com.br\/index.php?rest_route=\/wp\/v2\/media\/164128"}],"wp:attachment":[{"href":"https:\/\/diarioregionaldigital.com.br\/index.php?rest_route=%2Fwp%2Fv2%2Fmedia&parent=164127"}],"wp:term":[{"taxonomy":"category","embeddable":true,"href":"https:\/\/diarioregionaldigital.com.br\/index.php?rest_route=%2Fwp%2Fv2%2Fcategories&post=164127"},{"taxonomy":"post_tag","embeddable":true,"href":"https:\/\/diarioregionaldigital.com.br\/index.php?rest_route=%2Fwp%2Fv2%2Ftags&post=164127"}],"curies":[{"name":"wp","href":"https:\/\/api.w.org\/{rel}","templated":true}]}}