{"id":164124,"date":"2020-07-08T15:44:08","date_gmt":"2020-07-08T18:44:08","guid":{"rendered":"https:\/\/diarioregionaldigital.com.br\/?p=164124"},"modified":"2020-07-08T15:44:08","modified_gmt":"2020-07-08T18:44:08","slug":"com-restricoes-centro-de-desenvolvimento-do-atletismo-reabre-em-braganca-paulista","status":"publish","type":"post","link":"https:\/\/diarioregionaldigital.com.br\/?p=164124","title":{"rendered":"Com restri\u00e7\u00f5es, Centro de Desenvolvimento do Atletismo reabre em Bragan\u00e7a Paulista"},"content":{"rendered":"<p><span style=\"font-weight: 400;\">As atividades no Centro Nacional de Desenvolvimento do Atletismo (CNDA) da Confedera\u00e7\u00e3o Brasileira de Atletismo (CBAt) retornaram de forma reduzida e gradual. Mesmo com a regi\u00e3o de Bragan\u00e7a Paulista estando sob bandeira vermelha no plano de reabertura gradual do governo do estado de S\u00e3o Paulo, a prefeitura autorizou a libera\u00e7\u00e3o, exigindo o respeito aos protocolos de sanit\u00e1rias.<\/span><\/p>\n<p><span style=\"font-weight: 400;\">A retomada tamb\u00e9m seguir\u00e1 normas propostas pela CBAt e ter\u00e1 os treinos realizados apenas em dois hor\u00e1rios: de segunda a sexta, das 8h \u00e0s 12h e das 14h \u00e0s 18h. J\u00e1 aos s\u00e1bados as atividades acontecem apenas das 8h \u00e0s 12h.<\/span><\/p>\n<p><span style=\"font-weight: 400;\">Na primeira fase, participam das atividades apenas atletas que residem em Bragan\u00e7a Paulista e que integram o Plano de Prepara\u00e7\u00e3o Ol\u00edmpica do COB\/CBAt, medalhistas em Campeonatos Mundiais e nos Jogos Pan-Americanos (2019), atletas da categoria Sub-20 medalhistas em campeonatos mundiais nos anos de 2018 ou que possuam \u00edndices para o Campeonato Mundial Sub-20 de 2020 e aqueles que j\u00e1 realizam treinamento cont\u00ednuo no CNDA, maiores de 18 anos e que estejam entre os 10 primeiros do ranking brasileiro (entre 1\u00ba de janeiro de 2019 e 15 de mar\u00e7o de 2020). Nessa primeira fase o grupo de atletas dever\u00e1 ser composto por 27 pessoas.<\/span><\/p>\n<p><span style=\"font-weight: 400;\">Na chegada ao local todos ter\u00e3o a temperatura corporal aferida e responder\u00e3o a um question\u00e1rio di\u00e1rio de um profissional de sa\u00fade. O uso de m\u00e1scaras tamb\u00e9m \u00e9 obrigat\u00f3rio. Al\u00e9m disso, atletas e treinadores assinar\u00e3o um Termo de Responsabilidade, conforme modelo aprovado pela Prefeitura de Bragan\u00e7a Paulista, para usarem as instala\u00e7\u00f5es do CNDA. Durante todo o per\u00edodo \u00e9 proibida a entrada no CNDA de parentes de qualquer grau, dirigentes e amigos.<\/span><\/p>\n<p><strong>Fonte:<\/strong> Assessoria<\/p>\n","protected":false},"excerpt":{"rendered":"<p>As atividades no Centro Nacional de Desenvolvimento do Atletismo (CNDA) da Confedera\u00e7\u00e3o Brasileira de Atletismo (CBAt) retornaram de forma reduzida e gradual. Mesmo com a regi\u00e3o de Bragan\u00e7a Paulista estando sob bandeira vermelha no plano de reabertura gradual do governo do estado de S\u00e3o Paulo, a prefeitura autorizou a libera\u00e7\u00e3o, exigindo o respeito aos protocolos [&hellip;]<\/p>\n","protected":false},"author":96,"featured_media":164125,"comment_status":"closed","ping_status":"closed","sticky":false,"template":"","format":"standard","meta":{"footnotes":""},"categories":[436,257,439],"tags":[],"class_list":["post-164124","post","type-post","status-publish","format-standard","has-post-thumbnail","hentry","category-destaque-da-semana","category-esporte","category-ultima-hora"],"_links":{"self":[{"href":"https:\/\/diarioregionaldigital.com.br\/index.php?rest_route=\/wp\/v2\/posts\/164124","targetHints":{"allow":["GET"]}}],"collection":[{"href":"https:\/\/diarioregionaldigital.com.br\/index.php?rest_route=\/wp\/v2\/posts"}],"about":[{"href":"https:\/\/diarioregionaldigital.com.br\/index.php?rest_route=\/wp\/v2\/types\/post"}],"author":[{"embeddable":true,"href":"https:\/\/diarioregionaldigital.com.br\/index.php?rest_route=\/wp\/v2\/users\/96"}],"replies":[{"embeddable":true,"href":"https:\/\/diarioregionaldigital.com.br\/index.php?rest_route=%2Fwp%2Fv2%2Fcomments&post=164124"}],"version-history":[{"count":0,"href":"https:\/\/diarioregionaldigital.com.br\/index.php?rest_route=\/wp\/v2\/posts\/164124\/revisions"}],"wp:featuredmedia":[{"embeddable":true,"href":"https:\/\/diarioregionaldigital.com.br\/index.php?rest_route=\/wp\/v2\/media\/164125"}],"wp:attachment":[{"href":"https:\/\/diarioregionaldigital.com.br\/index.php?rest_route=%2Fwp%2Fv2%2Fmedia&parent=164124"}],"wp:term":[{"taxonomy":"category","embeddable":true,"href":"https:\/\/diarioregionaldigital.com.br\/index.php?rest_route=%2Fwp%2Fv2%2Fcategories&post=164124"},{"taxonomy":"post_tag","embeddable":true,"href":"https:\/\/diarioregionaldigital.com.br\/index.php?rest_route=%2Fwp%2Fv2%2Ftags&post=164124"}],"curies":[{"name":"wp","href":"https:\/\/api.w.org\/{rel}","templated":true}]}}