{"id":164112,"date":"2020-07-08T14:36:31","date_gmt":"2020-07-08T17:36:31","guid":{"rendered":"https:\/\/diarioregionaldigital.com.br\/?p=164112"},"modified":"2020-07-13T15:29:13","modified_gmt":"2020-07-13T18:29:13","slug":"ufjf-e-eleita-a-70a-melhor-latino-americana","status":"publish","type":"post","link":"https:\/\/diarioregionaldigital.com.br\/?p=164112","title":{"rendered":"UFJF \u00e9 eleita a 70\u00aa melhor faculdade latino-americana"},"content":{"rendered":"<p>A Universidade Federal de Juiz de Fora (UFJF), entrou pela primeira vez no ranking Times Higher Education Latin America University Rankings, uma lista das melhores universidades latino-americanas e do Caribe, desenvolvida pela organiza\u00e7\u00e3o internacional Times Higher Education. O ranking colocou a UFJF em 70\u00ba lugar, entre as 166 institui\u00e7\u00f5es de ensino superior inclusas na listagem. No Brasil, o resultado geral da UFJF \u00e9 o 33\u00ba lugar, enquanto em Minas Gerais a Universidade aparece na 5\u00aa posi\u00e7\u00e3o.<\/p>\n<p>O ranking inclui apenas universidades que contam com programas de p\u00f3s-gradua\u00e7\u00e3o, publicaram pelo menos 200 trabalhos entre 2015 e 2019 e que n\u00e3o concentrem sua atua\u00e7\u00e3o em uma ou poucas \u00e1reas de estudo espec\u00edficas. Na Am\u00e9rica Latina, as tr\u00eas melhores institui\u00e7\u00f5es ranqueadas s\u00e3o a Pontif\u00edcia Universidade Cat\u00f3lica do Chile, a Universidade de S\u00e3o Paulo (USP) e a Universidade de Campinas (Unicamp). A terceira brasileira mais bem colocada na lista \u00e9 a Universidade Federal de Minas Gerais.<\/p>\n<p>A elabora\u00e7\u00e3o do ranking leva em conta os seguintes crit\u00e9rios: ensino (ambiente de aprendizagem: 36%), pesquisa (volume, impacto e reputa\u00e7\u00e3o: 34%), cita\u00e7\u00f5es (influ\u00eancia em pesquisa: 20%), perspectiva internacional (servidores, estudantes e pesquisas: 7,5%) e impacto na ind\u00fastria (transfer\u00eancia de conhecimento: 2,5%). Os par\u00e2metros refletem ensino em gradua\u00e7\u00e3o e p\u00f3s-gradua\u00e7\u00e3o, produ\u00e7\u00e3o cient\u00edfica, recursos humanos, internacionaliza\u00e7\u00e3o, n\u00famero de docentes e discentes, al\u00e9m de transfer\u00eancia de conhecimento.<\/p>\n<p>Segundo o ranking da Times Higher Education Latin America University Rankings, o Brasil conta com 61 universidades listadas, sendo que a UFJF \u00e9 a 16\u00aa entidade mais citada, cujo indicador examina a influ\u00eancia das universidades em novos estudos, contabilizando o n\u00famero de vezes que um trabalho publicado por pesquisadores da institui\u00e7\u00e3o \u00e9 citado por outros estudiosos globalmente. S\u00e3o considerados artigos em peri\u00f3dicos, resenhas, anais de eventos cient\u00edficos, livros e cap\u00edtulos de livros publicados nos \u00faltimos cinco anos. No ranking mineiro, a UFJF \u00e9 a 2\u00aa melhor em cita\u00e7\u00f5es e na Am\u00e9rica Latina ocupa a 60\u00aa posi\u00e7\u00e3o.<\/p>\n<p>Quanto ao quesito impacto na ind\u00fastria, a UFJF ocupa a 28\u00aa posi\u00e7\u00e3o entre as brasileiras. No \u00e1rea da pesquisa, a juiz-forana est\u00e1 na 30\u00aa posi\u00e7\u00e3o nacional, ocupando ainda o 36\u00ba lugar em ensino e a 37\u00aa posi\u00e7\u00e3o em perspectiva internacional. Nessa \u00e1rea, s\u00e3o feitas avalia\u00e7\u00f5es de capacita\u00e7\u00e3o das universidades de transferir conhecimento e tecnologia para al\u00e9m de seus muros, apoiando com inova\u00e7\u00e3o, inven\u00e7\u00f5es e consultoria.<\/p>\n<p>A diretora de Avalia\u00e7\u00e3o Institucional, Mich\u00e8le Farage, diz que a entrada da UFJF no ranking \u00e9 visto de forma bastante positiva e que a meta da institui\u00e7\u00e3o agora \u00e9 ganhar posi\u00e7\u00f5es no ranking:<\/p>\n<p>&#8220;\u00c9 a primeira vez que a UFJF participa desse ranking, o que ocorre por demanda e atrav\u00e9s de um vasto e abrangente volume de informa\u00e7\u00f5es que a pr\u00f3pria institui\u00e7\u00e3o envia para o \u00f3rg\u00e3o respons\u00e1vel pelo ranking. Nossa perspectiva \u00e9 subir nos pr\u00f3ximos anos, n\u00e3o s\u00f3 pela melhoria que se espera em todos os aspectos na nossa atua\u00e7\u00e3o, mas tamb\u00e9m no maior refinamento na coleta dos dados.\u201d<\/p>\n<p>&nbsp;<\/p>\n<p>&nbsp;<\/p>\n<p>&nbsp;<\/p>\n","protected":false},"excerpt":{"rendered":"<p>A Universidade Federal de Juiz de Fora (UFJF), entrou pela primeira vez no ranking Times Higher Education Latin America University Rankings, uma lista das melhores universidades latino-americanas e do Caribe, desenvolvida pela organiza\u00e7\u00e3o internacional Times Higher Education. O ranking colocou a UFJF em 70\u00ba lugar, entre as 166 institui\u00e7\u00f5es de ensino superior inclusas na listagem. [&hellip;]<\/p>\n","protected":false},"author":96,"featured_media":163105,"comment_status":"closed","ping_status":"closed","sticky":false,"template":"","format":"standard","meta":{"footnotes":""},"categories":[253,436,439],"tags":[],"class_list":["post-164112","post","type-post","status-publish","format-standard","has-post-thumbnail","hentry","category-cidade","category-destaque-da-semana","category-ultima-hora"],"_links":{"self":[{"href":"https:\/\/diarioregionaldigital.com.br\/index.php?rest_route=\/wp\/v2\/posts\/164112","targetHints":{"allow":["GET"]}}],"collection":[{"href":"https:\/\/diarioregionaldigital.com.br\/index.php?rest_route=\/wp\/v2\/posts"}],"about":[{"href":"https:\/\/diarioregionaldigital.com.br\/index.php?rest_route=\/wp\/v2\/types\/post"}],"author":[{"embeddable":true,"href":"https:\/\/diarioregionaldigital.com.br\/index.php?rest_route=\/wp\/v2\/users\/96"}],"replies":[{"embeddable":true,"href":"https:\/\/diarioregionaldigital.com.br\/index.php?rest_route=%2Fwp%2Fv2%2Fcomments&post=164112"}],"version-history":[{"count":0,"href":"https:\/\/diarioregionaldigital.com.br\/index.php?rest_route=\/wp\/v2\/posts\/164112\/revisions"}],"wp:featuredmedia":[{"embeddable":true,"href":"https:\/\/diarioregionaldigital.com.br\/index.php?rest_route=\/wp\/v2\/media\/163105"}],"wp:attachment":[{"href":"https:\/\/diarioregionaldigital.com.br\/index.php?rest_route=%2Fwp%2Fv2%2Fmedia&parent=164112"}],"wp:term":[{"taxonomy":"category","embeddable":true,"href":"https:\/\/diarioregionaldigital.com.br\/index.php?rest_route=%2Fwp%2Fv2%2Fcategories&post=164112"},{"taxonomy":"post_tag","embeddable":true,"href":"https:\/\/diarioregionaldigital.com.br\/index.php?rest_route=%2Fwp%2Fv2%2Ftags&post=164112"}],"curies":[{"name":"wp","href":"https:\/\/api.w.org\/{rel}","templated":true}]}}