{"id":164109,"date":"2020-07-08T14:22:13","date_gmt":"2020-07-08T17:22:13","guid":{"rendered":"https:\/\/diarioregionaldigital.com.br\/?p=164109"},"modified":"2020-07-08T14:22:13","modified_gmt":"2020-07-08T17:22:13","slug":"estudo-esclarece-sobre-como-minimizar-impacto-do-coronavirus-no-sistema-respiratorio","status":"publish","type":"post","link":"https:\/\/diarioregionaldigital.com.br\/?p=164109","title":{"rendered":"Estudo esclarece sobre como minimizar impacto do Coronav\u00edrus no sistema respirat\u00f3rio"},"content":{"rendered":"<p><span style=\"font-weight: 400;\">Um estudo elaborado por pesquisadores da Universidade Federal de Juiz de Fora (UFJF), faz explica\u00e7\u00f5es sobre estrat\u00e9gias que contribuem para a diminui\u00e7\u00e3o do impacto do Coronav\u00edrus no sistema respirat\u00f3rio de pacientes em estado de sa\u00fade mais grave. O mesmo grupo de pesquisadores trabalha na produ\u00e7\u00e3o da vacina contra a doen\u00e7a. Todas as pesquisas s\u00e3o feitas com apoio da Funda\u00e7\u00e3o de Amparo \u00e0 Pesquisa do Estado de Minas Gerais (Fapemig) e da Secretaria de Desenvolvimento Econ\u00f4mico do Estado de Minas Gerais.\u00a0<\/span><\/p>\n<p><span style=\"font-weight: 400;\">Conforme a pesquisadora V\u00e2nia L\u00facia da Silva, diz que o projeto n\u00e3o trata somente da evolu\u00e7\u00e3o do Coronav\u00edrus no corpo humano, mas tamb\u00e9m busca ado\u00e7\u00e3o de estrat\u00e9gias pneum\u00e1ticas que resultem em melhores progn\u00f3sticos de pacientes com casos graves de Covid-19:<\/span><\/p>\n<p><span style=\"font-weight: 400;\">\u201cAcreditamos que a predomin\u00e2ncia de determinados grupos de microrganismos no trato respirat\u00f3rio possa estar relacionada com o agravo da condi\u00e7\u00e3o dessas pessoas, sobretudo dos pacientes de risco.\u201d\u00a0<\/span><\/p>\n<p><span style=\"font-weight: 400;\">J\u00e1 o coordenador do projeto, Cl\u00e1udio Diniz, diz que se os pesquisadores conseguirem provar a correla\u00e7\u00e3o entre determinadas bact\u00e9rias e agravamento do Coronav\u00edrus, as informa\u00e7\u00f5es ser\u00e3o valiosas para os \u00f3rg\u00e3os de sa\u00fade, no tratamento dos pacientes infectados e tamb\u00e9m diminuir a sobrecarga nos hospitais:<\/span><\/p>\n<p><span style=\"font-weight: 400;\">\u201cA fim de prevenir o agravo da doen\u00e7a, podemos, por exemplo, propor a utiliza\u00e7\u00e3o de vacinas j\u00e1 existentes, normalmente n\u00e3o oferecidas pelo SUS para os adultos em geral, contra algumas dessas bact\u00e9rias espec\u00edficas. Promover uma campanha extra de vacina\u00e7\u00e3o para pacientes de grupos de risco seria mais vi\u00e1vel do que a sobrecarga do sistema hospitalar.\u201d\u00a0<\/span><\/p>\n<p><b>Elabora\u00e7\u00e3o da pesquisa<\/b><\/p>\n<p><span style=\"font-weight: 400;\">Segundo o grupo de pesquisadores, ser\u00e3o feitas compara\u00e7\u00f5es das estruturas da microbiota do trato respirat\u00f3rio superior obtidas de dois grupos de pessoas: um composto por indiv\u00edduos com diagn\u00f3stico positivo de Covid-19 e, outro, por pacientes\u00a0 portadores de outras s\u00edndromes respirat\u00f3rias, que n\u00e3o s\u00e3o causadas pelo novo coronav\u00edrus.<\/span><\/p>\n<p><span style=\"font-weight: 400;\">Conforme V\u00e2nia L\u00facia da Silva, as viroses respirat\u00f3rias podem evoluir para quadros mais graves porque envolvem intera\u00e7\u00f5es ecol\u00f3gicas e imunol\u00f3gicas complexas entre v\u00edrus e bact\u00e9rias:<\/span><\/p>\n<p><span style=\"font-weight: 400;\">\u201c\u00c9 importante fazermos um estudo da ecologia microbiana do trato respirat\u00f3rio porque a\u00ed avaliamos as intera\u00e7\u00f5es que existem entre os microorganismos que fazem parte da microbiota e os hospedeiros, que somos n\u00f3s\u201d.<\/span><\/p>\n<p><span style=\"font-weight: 400;\">A pesquisadora explica tamb\u00e9m sobre o que \u00e9 microbiota e fala sobre sua import\u00e2ncia no organismo \u201c\u00e9 um conjunto de microorganismos que habitam os v\u00e1rios s\u00edtios anat\u00f4micos que existem no nosso corpo. Ou seja, s\u00e3o os microrganismos que interagem conosco desde o momento que nascemos, ou mesmo antes, e seguem at\u00e9 o momento da nossa morte. Eles t\u00eam um papel extremamente importante, porque auxiliam na manuten\u00e7\u00e3o do equil\u00edbrio entre a sa\u00fade e a doen\u00e7a no nosso corpo\u201d conclui V\u00e2nia, reiterando que ser\u00e1 feito um estudo sobre a distribui\u00e7\u00e3o da microbiota que faz parte da nasofaringe e da orofaringe, estas localizadas na parte mais alta das vias a\u00e9reas humanas e na parte lateral e posterior da garganta, respectivamente.\u00a0<\/span><\/p>\n<p><b>Sobre o projeto de pesquisa<\/b><\/p>\n<p><span style=\"font-weight: 400;\">O trabalho completo conta com as participa\u00e7\u00f5es dos professores\u00a0 Aripuan\u00e3 Watanabe, Alessandra Machado, Cl\u00e1udio Diniz, Vanessa Dias e V\u00e2nia L\u00facia da Silva, todos vinculados ao Centro de Estudos em Microbiologia (Cemic), parte do Instituto de Ci\u00eancias Biol\u00f3gicas (ICB) da UFJF.\u00a0<\/span><\/p>\n<p><span style=\"font-weight: 400;\">Al\u00e9m disso, conta tamb\u00e9m com parceiros vinculados \u00e0 Empresa Brasileira de Pesquisa Agropecu\u00e1ria (Embrapa), \u00e0 Universidade de S\u00e3o Paulo (USP) e \u00e0 Universidade do Estado de Mato Grosso (Unemat).<\/span><\/p>\n<p>&nbsp;<\/p>\n","protected":false},"excerpt":{"rendered":"<p>Um estudo elaborado por pesquisadores da Universidade Federal de Juiz de Fora (UFJF), faz explica\u00e7\u00f5es sobre estrat\u00e9gias que contribuem para a diminui\u00e7\u00e3o do impacto do Coronav\u00edrus no sistema respirat\u00f3rio de pacientes em estado de sa\u00fade mais grave. O mesmo grupo de pesquisadores trabalha na produ\u00e7\u00e3o da vacina contra a doen\u00e7a. Todas as pesquisas s\u00e3o feitas [&hellip;]<\/p>\n","protected":false},"author":96,"featured_media":164110,"comment_status":"closed","ping_status":"closed","sticky":false,"template":"","format":"standard","meta":{"footnotes":""},"categories":[253,436,440,439],"tags":[],"class_list":["post-164109","post","type-post","status-publish","format-standard","has-post-thumbnail","hentry","category-cidade","category-destaque-da-semana","category-destaques-do-dia","category-ultima-hora"],"_links":{"self":[{"href":"https:\/\/diarioregionaldigital.com.br\/index.php?rest_route=\/wp\/v2\/posts\/164109","targetHints":{"allow":["GET"]}}],"collection":[{"href":"https:\/\/diarioregionaldigital.com.br\/index.php?rest_route=\/wp\/v2\/posts"}],"about":[{"href":"https:\/\/diarioregionaldigital.com.br\/index.php?rest_route=\/wp\/v2\/types\/post"}],"author":[{"embeddable":true,"href":"https:\/\/diarioregionaldigital.com.br\/index.php?rest_route=\/wp\/v2\/users\/96"}],"replies":[{"embeddable":true,"href":"https:\/\/diarioregionaldigital.com.br\/index.php?rest_route=%2Fwp%2Fv2%2Fcomments&post=164109"}],"version-history":[{"count":0,"href":"https:\/\/diarioregionaldigital.com.br\/index.php?rest_route=\/wp\/v2\/posts\/164109\/revisions"}],"wp:featuredmedia":[{"embeddable":true,"href":"https:\/\/diarioregionaldigital.com.br\/index.php?rest_route=\/wp\/v2\/media\/164110"}],"wp:attachment":[{"href":"https:\/\/diarioregionaldigital.com.br\/index.php?rest_route=%2Fwp%2Fv2%2Fmedia&parent=164109"}],"wp:term":[{"taxonomy":"category","embeddable":true,"href":"https:\/\/diarioregionaldigital.com.br\/index.php?rest_route=%2Fwp%2Fv2%2Fcategories&post=164109"},{"taxonomy":"post_tag","embeddable":true,"href":"https:\/\/diarioregionaldigital.com.br\/index.php?rest_route=%2Fwp%2Fv2%2Ftags&post=164109"}],"curies":[{"name":"wp","href":"https:\/\/api.w.org\/{rel}","templated":true}]}}