{"id":164107,"date":"2020-07-08T13:54:44","date_gmt":"2020-07-08T16:54:44","guid":{"rendered":"https:\/\/diarioregionaldigital.com.br\/?p=164107"},"modified":"2020-07-08T13:54:44","modified_gmt":"2020-07-08T16:54:44","slug":"prazo-para-requerimento-de-isencao-do-iptu-e-prorrogado","status":"publish","type":"post","link":"https:\/\/diarioregionaldigital.com.br\/?p=164107","title":{"rendered":"Prazo para requerimento de isen\u00e7\u00e3o do IPTU \u00e9 prorrogado"},"content":{"rendered":"<p>Ap\u00f3s solicita\u00e7\u00e3o do vereador Luiz Ot\u00e1vio Fernandes \u2013 Pardal (PSL) para a prorroga\u00e7\u00e3o do prazo para a solicitar\u00a0isen\u00e7\u00e3o do Imposto Predial e Territorial Urbano (IPTU), a Secretaria de Fazenda aprovou a prorroga\u00e7\u00e3o, fixando o prazo\u00a0at\u00e9 o dia 30 de setembro, como tinha sugerido o vereador. Na justificativa, o presidente da C\u00e2mara explicou que os pedidos de isen\u00e7\u00e3o do IPTU, com previs\u00e3o legal, poderiam ser solicitados at\u00e9 o dia 30 de junho de cada ano, por\u00e9m, este ano houve uma altera\u00e7\u00e3o: \u201cEm virtude da pandemia do novo Coronav\u00edrus, muitos servi\u00e7os p\u00fablicos tiveram seus hor\u00e1rios de atendimentos alterados\u201d, explicou.<\/p>\n<p>Pardal ainda falou que em muitos casos\u00a0existe a possibilidade de se fazer o pedido de isen\u00e7\u00e3o por meio eletr\u00f4nico, mas\u00a0a falta de acessibilidade ainda \u00e9 presente em v\u00e1rios locais. \u201cDiversos mun\u00edcipes\u00a0n\u00e3o t\u00eam acesso ou conhecimento para pleitear a isen\u00e7\u00e3o\u201d, complementou o vereador. A prorroga\u00e7\u00e3o limite para o pedido de isen\u00e7\u00e3o do IPTU acontece\u00a0dia 30 de setembro, sendo este o prazo que encerra outras solicita\u00e7\u00f5es de altera\u00e7\u00f5es cadastrais feitas pelo cidad\u00e3o.<\/p>\n<p><strong>Fonte:<\/strong> Assessoria<\/p>\n","protected":false},"excerpt":{"rendered":"<p>Ap\u00f3s solicita\u00e7\u00e3o do vereador Luiz Ot\u00e1vio Fernandes \u2013 Pardal (PSL) para a prorroga\u00e7\u00e3o do prazo para a solicitar\u00a0isen\u00e7\u00e3o do Imposto Predial e Territorial Urbano (IPTU), a Secretaria de Fazenda aprovou a prorroga\u00e7\u00e3o, fixando o prazo\u00a0at\u00e9 o dia 30 de setembro, como tinha sugerido o vereador. Na justificativa, o presidente da C\u00e2mara explicou que os pedidos [&hellip;]<\/p>\n","protected":false},"author":96,"featured_media":163774,"comment_status":"closed","ping_status":"closed","sticky":false,"template":"","format":"standard","meta":{"footnotes":""},"categories":[253,436,439],"tags":[],"class_list":["post-164107","post","type-post","status-publish","format-standard","has-post-thumbnail","hentry","category-cidade","category-destaque-da-semana","category-ultima-hora"],"_links":{"self":[{"href":"https:\/\/diarioregionaldigital.com.br\/index.php?rest_route=\/wp\/v2\/posts\/164107","targetHints":{"allow":["GET"]}}],"collection":[{"href":"https:\/\/diarioregionaldigital.com.br\/index.php?rest_route=\/wp\/v2\/posts"}],"about":[{"href":"https:\/\/diarioregionaldigital.com.br\/index.php?rest_route=\/wp\/v2\/types\/post"}],"author":[{"embeddable":true,"href":"https:\/\/diarioregionaldigital.com.br\/index.php?rest_route=\/wp\/v2\/users\/96"}],"replies":[{"embeddable":true,"href":"https:\/\/diarioregionaldigital.com.br\/index.php?rest_route=%2Fwp%2Fv2%2Fcomments&post=164107"}],"version-history":[{"count":0,"href":"https:\/\/diarioregionaldigital.com.br\/index.php?rest_route=\/wp\/v2\/posts\/164107\/revisions"}],"wp:featuredmedia":[{"embeddable":true,"href":"https:\/\/diarioregionaldigital.com.br\/index.php?rest_route=\/wp\/v2\/media\/163774"}],"wp:attachment":[{"href":"https:\/\/diarioregionaldigital.com.br\/index.php?rest_route=%2Fwp%2Fv2%2Fmedia&parent=164107"}],"wp:term":[{"taxonomy":"category","embeddable":true,"href":"https:\/\/diarioregionaldigital.com.br\/index.php?rest_route=%2Fwp%2Fv2%2Fcategories&post=164107"},{"taxonomy":"post_tag","embeddable":true,"href":"https:\/\/diarioregionaldigital.com.br\/index.php?rest_route=%2Fwp%2Fv2%2Ftags&post=164107"}],"curies":[{"name":"wp","href":"https:\/\/api.w.org\/{rel}","templated":true}]}}