{"id":164103,"date":"2020-07-08T13:49:35","date_gmt":"2020-07-08T16:49:35","guid":{"rendered":"https:\/\/diarioregionaldigital.com.br\/?p=164103"},"modified":"2020-07-08T13:49:35","modified_gmt":"2020-07-08T16:49:35","slug":"pcmg-cumpre-dois-mandados-de-prisao-referentes-a-dois-homicidios-ocorridos-em-juiz-de-fora","status":"publish","type":"post","link":"https:\/\/diarioregionaldigital.com.br\/?p=164103","title":{"rendered":"PCMG cumpre dois mandados de pris\u00e3o referentes a dois homic\u00eddios ocorridos em Juiz de Fora"},"content":{"rendered":"<p><span style=\"font-weight: 400;\">A Pol\u00edcia Civil de Minas Gerais (PCMG), cumpriu dois mandados de busca e apreens\u00e3o, referentes a dois casos de homic\u00eddios ocorridos no munic\u00edpio de Juiz de Fora, nos meses de fevereiro e abril deste ano. As investiga\u00e7\u00f5es foram feitas <\/span><span style=\"font-weight: 400;\">pela Delegacia Especializada de Homic\u00eddios e os dois autores presos est\u00e3o \u00e0 disposi\u00e7\u00e3o da Justi\u00e7a.<\/span><\/p>\n<p><span style=\"font-weight: 400;\">O primeiro caso ocorreu no dia 10 de fevereiro no Bairro Vila Olavo Costa (Regi\u00e3o Leste), quando uma motocicleta com dois ocupantes, passou pelo local e os autores efetuaram v\u00e1rios disparos de arma de fogo contra um adolescente de 15 anos, que morreu no local. De acordo com informa\u00e7\u00f5es do Delegado Rodrigo Rolli, um suspeito de 26 anos, encontra-se preso, mas o outro indiv\u00edduo, adolescente de 16 anos, est\u00e1 foragido:<\/span><\/p>\n<p><span style=\"font-weight: 400;\">\u201cAs <\/span><span style=\"font-weight: 400;\">investiga\u00e7\u00f5es apontaram que um dos autores teria pilotado a motocicleta utilizada no dia em que os fatos ocorreram. O outro autor que teria efetuado os disparos de arma de fogo se encontra foragido\u201d.<\/span><\/p>\n<p><span style=\"font-weight: 400;\">A autoridade policial reitera que os dois comparsas teriam se conhecido no Sistema Prisional \u201cEles estavam em sa\u00edda tempor\u00e1ria e acabaram por executar a v\u00edtima\u201d, explicou, informando que o homic\u00eddio teria acontecido em virtude de disputas relacionadas ao tr\u00e1fico il\u00edcito de drogas na regi\u00e3o.\u00a0<\/span><\/p>\n<p><span style=\"font-weight: 400;\">J\u00e1 o segundo caso, ocorreu no dia 22 de abril, no qual um homem de 34 anos, foi morto a tiros no Bairro S\u00e3o Pedro (Regi\u00e3o Oeste). Segundo informa\u00e7\u00f5es da Pol\u00edcia Militar (PM), a v\u00edtima transitava pela Rua Virgulino Jo\u00e3o da Silva, quando um jovem de 18 anos, que estava de bicicleta, se aproximou e efetuou cinco disparos no rosto da v\u00edtima. A mesma chegou ser socorrida e encaminhada para o Hospital Pronto Socorro (HPS), mas morreu ao chegar na institui\u00e7\u00e3o.<\/span><\/p>\n<p><span style=\"font-weight: 400;\">Segundo Rodrigo Rolli, a motiva\u00e7\u00e3o do crime estaria ligada \u00e0 disputa por ponto de tr\u00e1fico de drogas na regi\u00e3o da Cidade Alta e conclui que <\/span><span style=\"font-weight: 400;\">\u201cessa resposta \u00e9 mais uma demonstra\u00e7\u00e3o da continuidade dos trabalhos da Delegacia Especializada de Homic\u00eddios, que est\u00e1 com \u00edndice de apura\u00e7\u00e3o de quase 100%, relacionado aos crimes ocorridos neste ano, em Juiz de Fora\u201d.<\/span><\/p>\n<p>&nbsp;<\/p>\n","protected":false},"excerpt":{"rendered":"<p>A Pol\u00edcia Civil de Minas Gerais (PCMG), cumpriu dois mandados de busca e apreens\u00e3o, referentes a dois casos de homic\u00eddios ocorridos no munic\u00edpio de Juiz de Fora, nos meses de fevereiro e abril deste ano. As investiga\u00e7\u00f5es foram feitas pela Delegacia Especializada de Homic\u00eddios e os dois autores presos est\u00e3o \u00e0 disposi\u00e7\u00e3o da Justi\u00e7a. O [&hellip;]<\/p>\n","protected":false},"author":96,"featured_media":164105,"comment_status":"closed","ping_status":"closed","sticky":false,"template":"","format":"standard","meta":{"footnotes":""},"categories":[301,436,439],"tags":[],"class_list":["post-164103","post","type-post","status-publish","format-standard","has-post-thumbnail","hentry","category-artigos-policiais","category-destaque-da-semana","category-ultima-hora"],"_links":{"self":[{"href":"https:\/\/diarioregionaldigital.com.br\/index.php?rest_route=\/wp\/v2\/posts\/164103","targetHints":{"allow":["GET"]}}],"collection":[{"href":"https:\/\/diarioregionaldigital.com.br\/index.php?rest_route=\/wp\/v2\/posts"}],"about":[{"href":"https:\/\/diarioregionaldigital.com.br\/index.php?rest_route=\/wp\/v2\/types\/post"}],"author":[{"embeddable":true,"href":"https:\/\/diarioregionaldigital.com.br\/index.php?rest_route=\/wp\/v2\/users\/96"}],"replies":[{"embeddable":true,"href":"https:\/\/diarioregionaldigital.com.br\/index.php?rest_route=%2Fwp%2Fv2%2Fcomments&post=164103"}],"version-history":[{"count":0,"href":"https:\/\/diarioregionaldigital.com.br\/index.php?rest_route=\/wp\/v2\/posts\/164103\/revisions"}],"wp:featuredmedia":[{"embeddable":true,"href":"https:\/\/diarioregionaldigital.com.br\/index.php?rest_route=\/wp\/v2\/media\/164105"}],"wp:attachment":[{"href":"https:\/\/diarioregionaldigital.com.br\/index.php?rest_route=%2Fwp%2Fv2%2Fmedia&parent=164103"}],"wp:term":[{"taxonomy":"category","embeddable":true,"href":"https:\/\/diarioregionaldigital.com.br\/index.php?rest_route=%2Fwp%2Fv2%2Fcategories&post=164103"},{"taxonomy":"post_tag","embeddable":true,"href":"https:\/\/diarioregionaldigital.com.br\/index.php?rest_route=%2Fwp%2Fv2%2Ftags&post=164103"}],"curies":[{"name":"wp","href":"https:\/\/api.w.org\/{rel}","templated":true}]}}