{"id":164098,"date":"2020-07-08T11:03:58","date_gmt":"2020-07-08T14:03:58","guid":{"rendered":"https:\/\/diarioregionaldigital.com.br\/?p=164098"},"modified":"2020-07-08T11:03:58","modified_gmt":"2020-07-08T14:03:58","slug":"estimativa-de-junho-preve-safra-recorde-de-2474-milhoes-de-toneladas-em-2020","status":"publish","type":"post","link":"https:\/\/diarioregionaldigital.com.br\/?p=164098","title":{"rendered":"Estimativa de junho prev\u00ea safra recorde de 247,4 milh\u00f5es de toneladas em 2020"},"content":{"rendered":"<p><span style=\"font-weight: 400;\">A safra nacional de gr\u00e3os deve bater novo recorde e chegar a 247,4 milh\u00f5es de toneladas em 2020, segundo a estimativa de junho do Levantamento Sistem\u00e1tico da Produ\u00e7\u00e3o Agr\u00edcola (LSPA), divulgada nesta quarta-feira (8) pelo IBGE. Isso corresponde a um aumento de 0,6% em rela\u00e7\u00e3o \u00e0 previs\u00e3o de maio e de 2,5% na compara\u00e7\u00e3o com a colheita de 2019, um aumento de 6 milh\u00f5es de toneladas.<\/span><\/p>\n<p><span style=\"font-weight: 400;\">Esse crescimento na compara\u00e7\u00e3o anual resulta, principalmente, do aumento na proje\u00e7\u00e3o de 5,6% para a soja (mais 119,9 milh\u00f5es de toneladas) e de 0,4% para o algod\u00e3o (mais 6,9 milh\u00f5es de toneladas), ambos recordes na s\u00e9rie hist\u00f3rica. A estimativa de produ\u00e7\u00e3o de trigo encontra-se 33% maior (7 milh\u00f5es de toneladas) que a do ano passado.<\/span><\/p>\n<p><span style=\"font-weight: 400;\">O analista de Agropecu\u00e1ria do IBGE, Carlos Ant\u00f4nio Barradas, destaca ainda a proje\u00e7\u00e3o recorde para a produ\u00e7\u00e3o de caf\u00e9 ar\u00e1bica, que deve chegar a 2,6 milh\u00f5es de toneladas este ano, ou 44,5 milh\u00f5es de sacas de 60kg, um crescimento de 28,9% em rela\u00e7\u00e3o \u00e0 safra do ano passado, mantendo a hegemonia do pa\u00eds na produ\u00e7\u00e3o mundial.<\/span><\/p>\n<p><span style=\"font-weight: 400;\">\u201cEssa produ\u00e7\u00e3o de caf\u00e9 ar\u00e1bica se deve ao clima que beneficiou as lavouras do Centro-Sul pa\u00eds. Choveu bastante em Minas Gerais no in\u00edcio do ano. Outro fator \u00e9 a bienalidade positiva da safra, caracter\u00edstica fisiol\u00f3gica da planta que alterna ano de elevada produ\u00e7\u00e3o com ano de baixa produ\u00e7\u00e3o\u201d, disse o analista, acrescentando que o d\u00f3lar valorizado e a boa produ\u00e7\u00e3o devem alavancar as exporta\u00e7\u00f5es do produto, possibilitando ao pa\u00eds recuperar mercados internacionais importantes.<\/span><\/p>\n<p><span style=\"font-weight: 400;\">Barradas cita tamb\u00e9m a produ\u00e7\u00e3o do milho, que deve ser 3,0% menor este ano, com produ\u00e7\u00e3o de 97,5 milh\u00f5es de toneladas. \u201cTivemos uma situa\u00e7\u00e3o excepcional para o milho, principalmente o de 2\u00aa safra, no ano passado. Houve adiantamento da colheita da soja e consequente aumento da janela de plantio do milho. Este ano, isso n\u00e3o ocorreu, ent\u00e3o a janela de plantio do milho ficou mais restrita\u201d, explicou ele.<\/span><\/p>\n<p><span style=\"font-weight: 400;\">Na compara\u00e7\u00e3o mensal, a varia\u00e7\u00e3o de 0,6% da safra de gr\u00e3os decorre, principalmente, do aumento na estimativa de soja (547,3 mil toneladas), do milho de 1\u00aa safra (160,8 mil toneladas) e o de 2\u00aa safra (647,7 mil toneladas), da cana-de-a\u00e7\u00facar (11,9 milh\u00f5es de toneladas), e do trigo (82,7 mil toneladas).<\/span><\/p>\n<p><span style=\"font-weight: 400;\">\u201cO produtor brasileiro est\u00e1 sempre investindo mais em tecnologia e na amplia\u00e7\u00e3o de \u00e1rea de planta\u00e7\u00e3o. Com toda essa instabilidade econ\u00f4mica, que eleva o d\u00f3lar, ele planta porque sabe que seu produto, principalmente soja e milho, s\u00e3o corrigidos em d\u00f3lar, ent\u00e3o o pre\u00e7o est\u00e1 sempre bom. Isso vem gerando recordes sucessivos na safra\u201d, comentou Barradas.<\/span><\/p>\n<p><b>Safra s\u00f3 n\u00e3o deve crescer no Sul<\/b><\/p>\n<p><span style=\"font-weight: 400;\">Em 2020, o IBGE projeta crescimento na produ\u00e7\u00e3o de quase todas as regi\u00f5es do pa\u00eds, com destaque para o Nordeste (14,3%), Sudeste (7,8%) e Norte (7,0%). No Centro-Oeste, maior produtor do pa\u00eds, a safra deve crescer 3,8%, somando 115,8 milh\u00f5es de toneladas. J\u00e1 no Sul, segundo maior produtor, a colheita deve recuar 4,7% (73,6 milh\u00f5es de toneladas).<\/span><\/p>\n<p><span style=\"font-weight: 400;\">Entre os estados, o Mato Grosso deve continuar na lideran\u00e7a como maior produtor nacional de gr\u00e3os, com uma participa\u00e7\u00e3o de 28,4%, seguido pelo Paran\u00e1 (16,4%).<\/span><\/p>\n<p><strong>Fonte:<\/strong> Ag\u00eancia IBGE<\/p>\n","protected":false},"excerpt":{"rendered":"<p>A safra nacional de gr\u00e3os deve bater novo recorde e chegar a 247,4 milh\u00f5es de toneladas em 2020, segundo a estimativa de junho do Levantamento Sistem\u00e1tico da Produ\u00e7\u00e3o Agr\u00edcola (LSPA), divulgada nesta quarta-feira (8) pelo IBGE. Isso corresponde a um aumento de 0,6% em rela\u00e7\u00e3o \u00e0 previs\u00e3o de maio e de 2,5% na compara\u00e7\u00e3o com [&hellip;]<\/p>\n","protected":false},"author":96,"featured_media":164099,"comment_status":"closed","ping_status":"closed","sticky":false,"template":"","format":"standard","meta":{"footnotes":""},"categories":[436,261,439],"tags":[],"class_list":["post-164098","post","type-post","status-publish","format-standard","has-post-thumbnail","hentry","category-destaque-da-semana","category-economia","category-ultima-hora"],"_links":{"self":[{"href":"https:\/\/diarioregionaldigital.com.br\/index.php?rest_route=\/wp\/v2\/posts\/164098","targetHints":{"allow":["GET"]}}],"collection":[{"href":"https:\/\/diarioregionaldigital.com.br\/index.php?rest_route=\/wp\/v2\/posts"}],"about":[{"href":"https:\/\/diarioregionaldigital.com.br\/index.php?rest_route=\/wp\/v2\/types\/post"}],"author":[{"embeddable":true,"href":"https:\/\/diarioregionaldigital.com.br\/index.php?rest_route=\/wp\/v2\/users\/96"}],"replies":[{"embeddable":true,"href":"https:\/\/diarioregionaldigital.com.br\/index.php?rest_route=%2Fwp%2Fv2%2Fcomments&post=164098"}],"version-history":[{"count":0,"href":"https:\/\/diarioregionaldigital.com.br\/index.php?rest_route=\/wp\/v2\/posts\/164098\/revisions"}],"wp:featuredmedia":[{"embeddable":true,"href":"https:\/\/diarioregionaldigital.com.br\/index.php?rest_route=\/wp\/v2\/media\/164099"}],"wp:attachment":[{"href":"https:\/\/diarioregionaldigital.com.br\/index.php?rest_route=%2Fwp%2Fv2%2Fmedia&parent=164098"}],"wp:term":[{"taxonomy":"category","embeddable":true,"href":"https:\/\/diarioregionaldigital.com.br\/index.php?rest_route=%2Fwp%2Fv2%2Fcategories&post=164098"},{"taxonomy":"post_tag","embeddable":true,"href":"https:\/\/diarioregionaldigital.com.br\/index.php?rest_route=%2Fwp%2Fv2%2Ftags&post=164098"}],"curies":[{"name":"wp","href":"https:\/\/api.w.org\/{rel}","templated":true}]}}