{"id":164094,"date":"2020-07-08T10:59:18","date_gmt":"2020-07-08T13:59:18","guid":{"rendered":"https:\/\/diarioregionaldigital.com.br\/?p=164094"},"modified":"2020-07-08T11:01:13","modified_gmt":"2020-07-08T14:01:13","slug":"vendas-no-comercio-varejista-crescem-139-de-abril-para-maio","status":"publish","type":"post","link":"https:\/\/diarioregionaldigital.com.br\/?p=164094","title":{"rendered":"Vendas no com\u00e9rcio varejista crescem 13,9% de abril para maio"},"content":{"rendered":"<p><span style=\"font-weight: 400;\">O volume de vendas no com\u00e9rcio varejista nacional teve crescimento de 13,9% em maio deste ano, na compara\u00e7\u00e3o com abril. A alta veio depois de dois meses de queda devido \u00e0 pandemia do novo coronav\u00edrus (covid-19). Em abril deste ano, por exemplo, a queda havia sido de 16,3%. Os dados s\u00e3o da Pesquisa Mensal do Com\u00e9rcio (PMC), divulgada nesta quarta-feira (8) pelo Instituto Brasileiro de Geografia e Estat\u00edstica (IBGE).<\/span><\/p>\n<p><span style=\"font-weight: 400;\">No acumulado de 12 meses, o com\u00e9rcio varejista mant\u00e9m estabilidade. Nos demais tipos de compara\u00e7\u00e3o, no entanto, foram registradas quedas: m\u00e9dia m\u00f3vel trimestral (-2,6%), compara\u00e7\u00e3o com maio de 2019 (-7,2%) e acumulado do ano (-3,9%).<\/span><\/p>\n<p><span style=\"font-weight: 400;\">Na passagem de abril para maio, foram registradas altas em todas as oito atividades pesquisadas pelo IBGE: tecidos, vestu\u00e1rio e cal\u00e7ados (100,6%), m\u00f3veis e eletrodom\u00e9sticos (47,5%), outros artigos de uso pessoal e dom\u00e9stico (45,2%), livros, jornais, revistas e papelaria (18,5%), equipamentos e material para escrit\u00f3rio, inform\u00e1tica e comunica\u00e7\u00e3o (16,6%), artigos farmac\u00eauticos, m\u00e9dicos, ortop\u00e9dicos, de perfumaria e cosm\u00e9ticos (10,3%), hipermercados, supermercados, produtos aliment\u00edcios, bebidas e fumo (7,1%) e combust\u00edveis e lubrificantes (5,9%).<\/span><\/p>\n<p><span style=\"font-weight: 400;\">O varejo ampliado, que tamb\u00e9m considera os setores de materiais de constru\u00e7\u00e3o e de ve\u00edculos e pe\u00e7as, teve crescimento de 19,6% na compara\u00e7\u00e3o com abril. Os ve\u00edculos, motos, partes e pe\u00e7as cresceram 51,7%, enquanto os materiais de constru\u00e7\u00e3o tiveram alta de 22,2%.<\/span><\/p>\n<p><span style=\"font-weight: 400;\">Nas outras compara\u00e7\u00f5es, no entanto, foram registradas quedas: m\u00e9dia m\u00f3vel trimestral (-5,9%), compara\u00e7\u00e3o com maio de 2019 (-14,9%), acumulado do ano (-8,6%) e acumulado de 12 meses (-1%).<\/span><\/p>\n<p><b>Receita nominal<\/b><\/p>\n<p><span style=\"font-weight: 400;\">A receita nominal do varejo cresceu 9,9% na compara\u00e7\u00e3o com abril deste ano e 2,7% no acumulado de 12 meses. No entanto, teve quedas de 3,4% na m\u00e9dia m\u00f3vel trimestral, de 5,2% na compara\u00e7\u00e3o com maio do ano passado e de 0,6% no acumulado do ano.<\/span><\/p>\n<p><span style=\"font-weight: 400;\">J\u00e1 a receita do varejo ampliado teve altas de 15,1% na compara\u00e7\u00e3o com abril deste ano e de 1,4% no acumulado de 12 meses. Registrou, no entanto, quedas de 5,8% na m\u00e9dia m\u00f3vel trimestral, de 12,1% na compara\u00e7\u00e3o com maio de 2019 e de 5,4% no acumulado do ano.<\/span><\/p>\n<p><strong>Fonte:<\/strong> Ag\u00eancia Brasil<\/p>\n","protected":false},"excerpt":{"rendered":"<p>O volume de vendas no com\u00e9rcio varejista nacional teve crescimento de 13,9% em maio deste ano, na compara\u00e7\u00e3o com abril. A alta veio depois de dois meses de queda devido \u00e0 pandemia do novo coronav\u00edrus (covid-19). Em abril deste ano, por exemplo, a queda havia sido de 16,3%. Os dados s\u00e3o da Pesquisa Mensal do [&hellip;]<\/p>\n","protected":false},"author":96,"featured_media":164095,"comment_status":"closed","ping_status":"closed","sticky":false,"template":"","format":"standard","meta":{"footnotes":""},"categories":[436,261,439],"tags":[],"class_list":["post-164094","post","type-post","status-publish","format-standard","has-post-thumbnail","hentry","category-destaque-da-semana","category-economia","category-ultima-hora"],"_links":{"self":[{"href":"https:\/\/diarioregionaldigital.com.br\/index.php?rest_route=\/wp\/v2\/posts\/164094","targetHints":{"allow":["GET"]}}],"collection":[{"href":"https:\/\/diarioregionaldigital.com.br\/index.php?rest_route=\/wp\/v2\/posts"}],"about":[{"href":"https:\/\/diarioregionaldigital.com.br\/index.php?rest_route=\/wp\/v2\/types\/post"}],"author":[{"embeddable":true,"href":"https:\/\/diarioregionaldigital.com.br\/index.php?rest_route=\/wp\/v2\/users\/96"}],"replies":[{"embeddable":true,"href":"https:\/\/diarioregionaldigital.com.br\/index.php?rest_route=%2Fwp%2Fv2%2Fcomments&post=164094"}],"version-history":[{"count":0,"href":"https:\/\/diarioregionaldigital.com.br\/index.php?rest_route=\/wp\/v2\/posts\/164094\/revisions"}],"wp:featuredmedia":[{"embeddable":true,"href":"https:\/\/diarioregionaldigital.com.br\/index.php?rest_route=\/wp\/v2\/media\/164095"}],"wp:attachment":[{"href":"https:\/\/diarioregionaldigital.com.br\/index.php?rest_route=%2Fwp%2Fv2%2Fmedia&parent=164094"}],"wp:term":[{"taxonomy":"category","embeddable":true,"href":"https:\/\/diarioregionaldigital.com.br\/index.php?rest_route=%2Fwp%2Fv2%2Fcategories&post=164094"},{"taxonomy":"post_tag","embeddable":true,"href":"https:\/\/diarioregionaldigital.com.br\/index.php?rest_route=%2Fwp%2Fv2%2Ftags&post=164094"}],"curies":[{"name":"wp","href":"https:\/\/api.w.org\/{rel}","templated":true}]}}