{"id":164091,"date":"2020-07-08T10:53:32","date_gmt":"2020-07-08T13:53:32","guid":{"rendered":"https:\/\/diarioregionaldigital.com.br\/?p=164091"},"modified":"2020-07-08T10:53:32","modified_gmt":"2020-07-08T13:53:32","slug":"covid-19-medicos-dizem-acreditar-em-subnotificacao-de-casos-e-mortes","status":"publish","type":"post","link":"https:\/\/diarioregionaldigital.com.br\/?p=164091","title":{"rendered":"Covid-19: m\u00e9dicos dizem acreditar em subnotifica\u00e7\u00e3o de casos e mortes"},"content":{"rendered":"<p><span style=\"font-weight: 400;\">Segundo pesquisa divulgada pela Associa\u00e7\u00e3o Paulista de Medicina, 21,5% dos m\u00e9dicos dizem acreditar que o n\u00famero de mortes provocadas pelo novo coronav\u00edrus \u00e9 maior do que as estat\u00edsticas oficiais nacionais. Para 45,4%, o volume de casos \u00e9 superior ao informado pelo Minist\u00e9rio da Sa\u00fade. A desconfian\u00e7a \u00e9 um pouco menor em rela\u00e7\u00e3o aos dados das secretarias estaduais de sa\u00fade: 18,5% veem subnotifica\u00e7\u00e3o dos \u00f3bitos e 37% da quantidade de casos.<\/span><\/p>\n<p><span style=\"font-weight: 400;\">O estudo ouviu 1.984 m\u00e9dicos em 23 estados do pa\u00eds. Entre os que participaram do estudo, 60% est\u00e3o atendendo em hospitais ou prontos-socorros que recebem pacientes com covid-19. Desses, 38,5% atuam em servi\u00e7os p\u00fablicos, 33% em privados e 28,5% em ambos.<\/span><\/p>\n<p><span style=\"font-weight: 400;\">Entre os que atendem pacientes com o novo coronav\u00edrus, 58,4% disseram que n\u00e3o observaram nenhuma morte causada pela doen\u00e7a. Para 29,1% desses profissionais que est\u00e3o na linha de frente, os n\u00fameros de mortes divulgados pelos \u00f3rg\u00e3os oficiais est\u00e3o corretos. Um percentual um pouco menor (24,6%) tamb\u00e9m avalia que os n\u00fameros de casos est\u00e3o pr\u00f3ximos da realidade. H\u00e1 ainda 15% que n\u00e3o conseguem ter uma opini\u00e3o formada a respeito das estat\u00edsticas.<\/span><\/p>\n<p><span style=\"font-weight: 400;\">O presidente da APM, Jos\u00e9 Luiz Gomes do Amaral, diz que parte dos profissionais de sa\u00fade diz acreditar que h\u00e1 um descolamento entre as estat\u00edsticas e a realidade dos hospitais. \u201cO movimento de atendimento continua\u201d, enfatiza sobre os pacientes que chegam com covid-19 \u00e0s unidades de sa\u00fade.<\/span><\/p>\n<p><b>Falta de testes<\/b><\/p>\n<p><span style=\"font-weight: 400;\">Outro ponto que gera essa desconfian\u00e7a \u00e9, segundo Amaral, a falta de testes. \u201cDepois, porque nem todos os pacientes s\u00e3o testados. Ent\u00e3o, n\u00f3s acabamos n\u00e3o conseguindo detectar todos os casos. As notifica\u00e7\u00f5es nos \u00f3rg\u00e3os oficiais partem sobre notifica\u00e7\u00f5es obrigatoriamente testadas, como nem todos os pacientes s\u00e3o testados, haver\u00e1 notifica\u00e7\u00e3o, de casos e, com uma probabilidade um pouco menor, mas tamb\u00e9m de \u00f3bitos\u201d, explica.<\/span><\/p>\n<p><span style=\"font-weight: 400;\">A falta de testes foi um ponto levantado por 37,8% dos entrevistados que atuam no enfrentamento \u00e0 pandemia. Segundo a pesquisa, 15% disse que os testes para confirmar os casos da doen\u00e7a nem sempre est\u00e3o dispon\u00edveis e 22,7% disse que s\u00f3 h\u00e1 exames para pessoas com sintomas graves.<\/span><\/p>\n<p><b>Not\u00edcias falsas<\/b><\/p>\n<p><span style=\"font-weight: 400;\">Tamb\u00e9m foi relatada a falta de testes para profissionais de sa\u00fade com sintomas de covid-19. Segundo 25,4% dos m\u00e9dicos, nem todos os lugares onde trabalham h\u00e1 exames para esses profissionais e 5,1% disseram que n\u00e3o h\u00e1 testes em nenhum dos locais onde atuam.<\/span><\/p>\n<p><span style=\"font-weight: 400;\">A maior parte dos m\u00e9dicos avalia que as not\u00edcias falsas e boatos t\u00eam atrapalhado no combate \u00e0 doen\u00e7a. Para 69,2%, as <\/span><i><span style=\"font-weight: 400;\">fake news<\/span><\/i><span style=\"font-weight: 400;\"> fazem com que parte da popula\u00e7\u00e3o minimize a pandemia e n\u00e3o siga todas as orienta\u00e7\u00f5es necess\u00e1rias para reduzir o cont\u00e1gio. Outro problema, apontado por 48,9%, \u00e9 que a desinforma\u00e7\u00e3o faz com que as fam\u00edlias e pacientes pressionem pela prescri\u00e7\u00e3o de tratamentos sem comprova\u00e7\u00e3o cient\u00edfica.<\/span><\/p>\n<p><span style=\"font-weight: 400;\">\u201cO mais relevante \u00e9 uma campanha para ades\u00e3o \u00e0s medidas de conten\u00e7\u00e3o. A popula\u00e7\u00e3o n\u00e3o est\u00e1 aderindo \u00e0s medidas sugeridas para diminui\u00e7\u00e3o do cont\u00e1gio. As autoridades de sa\u00fade tamb\u00e9m n\u00e3o est\u00e3o se empenhando o suficiente para isso\u201d, ressalta o presidente da APM.<\/span><\/p>\n<p><strong>Fonte:<\/strong> Ag\u00eancia Brasil<\/p>\n","protected":false},"excerpt":{"rendered":"<p>Segundo pesquisa divulgada pela Associa\u00e7\u00e3o Paulista de Medicina, 21,5% dos m\u00e9dicos dizem acreditar que o n\u00famero de mortes provocadas pelo novo coronav\u00edrus \u00e9 maior do que as estat\u00edsticas oficiais nacionais. Para 45,4%, o volume de casos \u00e9 superior ao informado pelo Minist\u00e9rio da Sa\u00fade. A desconfian\u00e7a \u00e9 um pouco menor em rela\u00e7\u00e3o aos dados das [&hellip;]<\/p>\n","protected":false},"author":96,"featured_media":164092,"comment_status":"closed","ping_status":"closed","sticky":false,"template":"","format":"standard","meta":{"footnotes":""},"categories":[302,436,439],"tags":[],"class_list":["post-164091","post","type-post","status-publish","format-standard","has-post-thumbnail","hentry","category-brasil-mundo","category-destaque-da-semana","category-ultima-hora"],"_links":{"self":[{"href":"https:\/\/diarioregionaldigital.com.br\/index.php?rest_route=\/wp\/v2\/posts\/164091","targetHints":{"allow":["GET"]}}],"collection":[{"href":"https:\/\/diarioregionaldigital.com.br\/index.php?rest_route=\/wp\/v2\/posts"}],"about":[{"href":"https:\/\/diarioregionaldigital.com.br\/index.php?rest_route=\/wp\/v2\/types\/post"}],"author":[{"embeddable":true,"href":"https:\/\/diarioregionaldigital.com.br\/index.php?rest_route=\/wp\/v2\/users\/96"}],"replies":[{"embeddable":true,"href":"https:\/\/diarioregionaldigital.com.br\/index.php?rest_route=%2Fwp%2Fv2%2Fcomments&post=164091"}],"version-history":[{"count":0,"href":"https:\/\/diarioregionaldigital.com.br\/index.php?rest_route=\/wp\/v2\/posts\/164091\/revisions"}],"wp:featuredmedia":[{"embeddable":true,"href":"https:\/\/diarioregionaldigital.com.br\/index.php?rest_route=\/wp\/v2\/media\/164092"}],"wp:attachment":[{"href":"https:\/\/diarioregionaldigital.com.br\/index.php?rest_route=%2Fwp%2Fv2%2Fmedia&parent=164091"}],"wp:term":[{"taxonomy":"category","embeddable":true,"href":"https:\/\/diarioregionaldigital.com.br\/index.php?rest_route=%2Fwp%2Fv2%2Fcategories&post=164091"},{"taxonomy":"post_tag","embeddable":true,"href":"https:\/\/diarioregionaldigital.com.br\/index.php?rest_route=%2Fwp%2Fv2%2Ftags&post=164091"}],"curies":[{"name":"wp","href":"https:\/\/api.w.org\/{rel}","templated":true}]}}