{"id":164087,"date":"2020-07-08T10:41:35","date_gmt":"2020-07-08T13:41:35","guid":{"rendered":"https:\/\/diarioregionaldigital.com.br\/?p=164087"},"modified":"2020-07-08T10:41:35","modified_gmt":"2020-07-08T13:41:35","slug":"recuperados-da-covid-19-mantem-cuidados-mesmo-apos-infeccao","status":"publish","type":"post","link":"https:\/\/diarioregionaldigital.com.br\/?p=164087","title":{"rendered":"Recuperados da Covid-19 mant\u00eam cuidados mesmo ap\u00f3s infec\u00e7\u00e3o"},"content":{"rendered":"<p><span style=\"font-weight: 400;\">O Brasil t\u00eam, de acordo com dados do Minist\u00e9rio da Sa\u00fade, quase 1 milh\u00e3o de recuperados da covid-19, doen\u00e7a causada pelo novo coronav\u00edrus. Para alguns, o fato de j\u00e1 ter tido a doen\u00e7a \u00e9 motivo para relaxar e n\u00e3o seguir \u00e0 risca as recomenda\u00e7\u00f5es para evitar o cont\u00e1gio. Para outros, a rotina de cuidados n\u00e3o mudou e inclusive ficou maior.<\/span><\/p>\n<p><span style=\"font-weight: 400;\">Segundo especialistas, n\u00e3o h\u00e1 evid\u00eancias cient\u00edficas de que quem contraiu a covid-19 n\u00e3o v\u00e1 se contaminar de novo. Al\u00e9m disso, por ser uma doen\u00e7a nova, os efeitos do v\u00edrus a m\u00e9dio e longo prazo n\u00e3o s\u00e3o totalmente conhecidos. Quem teve a infec\u00e7\u00e3o pode ainda apresentar eventuais complica\u00e7\u00f5es.\u00a0<\/span><\/p>\n<p><span style=\"font-weight: 400;\">\u201cEu estou bem mais medroso, mais receoso. Se eu lavava minha m\u00e3o antes, agora lavo duas vezes mais. Higienizo as coisas que trago da rua. O cuidado aumentou depois que passei pela doen\u00e7a e sei como \u00e9\u201d, conta o farmac\u00eautico Marcus T\u00falio Batista, 27 anos. Ele come\u00e7ou a sentir os sintomas no dia 14 de junho. Teve dor de garganta, perda de olfato e paladar, indisposi\u00e7\u00e3o e dores no corpo.\u00a0<\/span><\/p>\n<p><span style=\"font-weight: 400;\">\u201cQuando voc\u00ea pega, v\u00ea que a doen\u00e7a vai al\u00e9m do f\u00edsico. Eu acho que talvez o emocional seja at\u00e9 muito mais abalado\u201d, diz e complementa: \u201cEu moro sozinho em Bras\u00edlia. Minha fam\u00edlia \u00e9 de outro estado. Isso me causou bastante impacto porque al\u00e9m do isolamento, voc\u00ea tem medo de como vai evoluir, n\u00e3o sabe como o seu corpo vai lidar com isso. Eu fiquei bastante ansioso\u201d, conta.<\/span><\/p>\n<p><span style=\"font-weight: 400;\">Na casa da artista pl\u00e1stica e produtora cultural Leticia Tandeta, 59 anos, no Rio de Janeiro, quase todos foram infectados em meados de maio. Ela, o marido, o filho e o irm\u00e3o. \u201cFicamos praticamente todos doentes ao mesmo tempo. A sorte foi que todos tivemos sintomas brandos, ningu\u00e9m teve falta de ar ou uma febre absurdamente alta\u201d, diz. A \u00fanica que n\u00e3o adoeceu foi a m\u00e3e de Leticia, que tem 93 anos. A fam\u00edlia tomou o cuidado de isol\u00e1-la e de separar tudo que era usado por ela.\u00a0<\/span><\/p>\n<p><span style=\"font-weight: 400;\">\u201cHoje \u00e9 estranho porque n\u00e3o sabemos se estamos imunizados ou n\u00e3o\u201d, diz Leticia. \u201cOs m\u00e9dicos dizem que provavelmente temos algum tipo de imuniza\u00e7\u00e3o, talvez de um m\u00eas, dois meses, tr\u00eas\u201d. Por causa das incertezas, ela diz que a fam\u00edlia continua tomando cuidados como sair de casa o m\u00ednimo poss\u00edvel, apenas quando necess\u00e1rio, usando sempre m\u00e1scara. J\u00e1 ter contra\u00eddo a doen\u00e7a, no entanto, traz um certo tipo de relaxamento: \u201cN\u00e3o \u00e9 que a gente relaxe nos cuidados, mas h\u00e1 um certo relaxamento interno sim\u201d.\u00a0<\/span><\/p>\n<p><span style=\"font-weight: 400;\">De acordo com o infectologista Leonardo Weissmann, consultor da Sociedade Brasileira de Infectologia, mesmo quem j\u00e1 teve a doen\u00e7a deve continuar tomando cuidado. \u201cN\u00e3o temos certeza, por enquanto, de que quem teve covid-19 uma vez n\u00e3o ter\u00e1 novamente. \u00c9 importante que quem j\u00e1 teve a doen\u00e7a continue se prevenindo. Continue com as medidas preventivas, usando m\u00e1scaras, higienizando as m\u00e3os e evitando aglomera\u00e7\u00e3o\u201d.<\/span><\/p>\n<p><span style=\"font-weight: 400;\">As pessoas que j\u00e1 foram infectadas, de acordo com Weissmann, assim como as demais, podem ajudar a propagar o v\u00edrus caso n\u00e3o tomem os devidos cuidados. \u201cMesmo a pessoa que n\u00e3o estiver infectada, se ela puser a m\u00e3o em um lugar contaminado, ela pode carregar o v\u00edrus. Por isso \u00e9 importante estar sempre higienizando as m\u00e3os, lavando com \u00e1gua e sab\u00e3o ou com \u00e1lcool 70%\u201d, orienta.\u00a0<\/span><\/p>\n<p><b>S\u00edndrome da Fadiga Cr\u00f4nica<\/b><\/p>\n<p><span style=\"font-weight: 400;\">Em mar\u00e7o, a psic\u00f3loga Joanna Franco, 37 anos, teve dores no corpo, tosse seca, dor de cabe\u00e7a, febre alta, dificuldade de respirar, perda de olfato e paladar, diarreia e v\u00f4mito. Na \u00e9poca que recebeu o diagn\u00f3stico cl\u00ednico de covid-19, o Brasil come\u00e7ava a adotar medidas de isolamento social. Morando sozinha em Niter\u00f3i, ela cumpriu todas as regras de quarentena e de isolamento social. Os sintomas passaram. Para garantir que n\u00e3o transmitiria o v\u00edrus para ningu\u00e9m, ela ainda permaneceu em isolamento por cerca de 40 dias. Foi ent\u00e3o que percebeu que n\u00e3o estava totalmente recuperada, estava muito cansada. \u201cVinha um cansa\u00e7o, parecendo que eu tinha subido ladeiras, uma sensa\u00e7\u00e3o de que isso nunca ia acabar, que n\u00e3o ia sair de mim. Fiquei bem prostrada\u201d.\u00a0<\/span><\/p>\n<p><span style=\"font-weight: 400;\">Quase tr\u00eas meses depois, ela diz que se sente melhor, que est\u00e1 conseguindo retomar uma rotina de exerc\u00edcios f\u00edsicos, que antes eram imposs\u00edveis. Depois de passar pelo que passou, ela redobrou todos os cuidados que j\u00e1 vinha tendo. \u201cDepois de ter passado, n\u00e3o quero vivenciar isso de novo e n\u00e3o quero que outras pessoas vivenciem\u201d, diz.\u00a0<\/span><\/p>\n<p><span style=\"font-weight: 400;\">O cansa\u00e7o que Joanna sentiu ap\u00f3s se recuperar da doen\u00e7a pode ter sido a chamada S\u00edndrome da Fadiga Cr\u00f4nica, que tem sido relatada por pessoas que foram contaminadas pela covid-19, segundo o neurologista, pesquisador do Instituto D\u2019Or de Pesquisa e Ensino (IDOR) e da Universidade Federal Fluminense (UFF), Gabriel de Freitas. O principal sintoma \u00e9 o cansa\u00e7o, mas pode haver altera\u00e7\u00e3o na press\u00e3o, na frequ\u00eancia card\u00edaca e ins\u00f4nia. \u201cO que predomina \u00e9 a\u00a0 fadiga, o cansa\u00e7o. A pessoa n\u00e3o consegue trabalhar, n\u00e3o consegue voltar \u00e0 atividade\u201d, afirma.\u00a0<\/span><\/p>\n<p><span style=\"font-weight: 400;\">A s\u00edndrome n\u00e3o \u00e9 exclusiva do novo coronav\u00edrus, mas ocorre tamb\u00e9m por causa de outros v\u00edrus. Ela pode durar at\u00e9 cerca de um ano, \u00e9 mais frequente em mulheres entre 40 e 50 anos e que tiveram covid-19 pelo menos de forma moderada. Mas, de acordo com Freitas, ainda h\u00e1 muitas d\u00favidas pelo fato de ser uma doen\u00e7a recente. Para o tratamento, geralmente \u00e9 recomendada psicoterapia, atividades f\u00edsicas, antivirais e antidepressivos.\u00a0<\/span><\/p>\n<p><span style=\"font-weight: 400;\">\u201cEssa s\u00edndrome traz uma ang\u00fastia muito grande para as pessoas porque fadiga n\u00e3o \u00e9 um sintoma mensur\u00e1vel. N\u00e3o se consegue mensurar por exame. Muitas vezes \u00e9 mal compreendido\u201d.\u00a0<\/span><\/p>\n<p><span style=\"font-weight: 400;\">Gabriel diz que a pandemia pode ser mais complexa do que se pensa e defende que todos os cuidados poss\u00edveis sejam adotados. \u201cParece que n\u00e3o \u00e9 estar recuperado e ponto final. Talvez essas pessoas tenham mais sintomas. A S\u00edndrome da Fadiga Cr\u00f4nica pode ser apenas um deles. Acho que a gente n\u00e3o tem essa informa\u00e7\u00e3o. \u00c9 poss\u00edvel que existam complica\u00e7\u00f5es a m\u00e9dio e a longo prazo. O que alguns autores colocam \u00e9 que as medidas de isolamento social s\u00e3o importantes n\u00e3o s\u00f3 para evitar a morte. A gente tem que levar em considera\u00e7\u00e3o e colocar nessa equa\u00e7\u00e3o as complica\u00e7\u00f5es a m\u00e9dio e longo prazos\u201d.\u00a0<\/span><\/p>\n<p><b>Medo e ansiedade<\/b><\/p>\n<p><span style=\"font-weight: 400;\">Al\u00e9m de lidar com os sintomas da covid-19 e com as consequ\u00eancias da doen\u00e7a, muitas pessoas est\u00e3o lidando com sintomas de ansiedade, de acordo com a psic\u00f3loga da equipe de coordena\u00e7\u00e3o de sa\u00fade do trabalhador da Funda\u00e7\u00e3o Oswaldo Cruz (Fiocruz), Marta Montenegro. \u201cA covid-19 \u00e9 uma doen\u00e7a muito nova, recente, um v\u00edrus cujas informa\u00e7\u00f5es foram se construindo nesse processo de pandemia. Os pr\u00f3prios profissionais de sa\u00fade estavam tentando entender as formas de cuidado e isso deixa as pessoas muito inseguras. O ser humano se sente mais seguro se tiver previsibilidade do que vai acontecer. Essa incerteza sobre formas de contamina\u00e7\u00e3o, se pode ou n\u00e3o se contaminar de novo, deixa as pessoas vulner\u00e1veis\u201d, explica.\u00a0<\/span><\/p>\n<p><span style=\"font-weight: 400;\">De acordo com a psic\u00f3loga, buscar informa\u00e7\u00f5es confi\u00e1veis ajuda a lidar melhor com a pandemia. \u201cBuscar informa\u00e7\u00e3o v\u00e1lida, de fontes confi\u00e1veis. Isso alivia sintomas emocionais. \u00c0s vezes, as pessoas est\u00e3o em casa recebendo informa\u00e7\u00f5es que nem sempre s\u00e3o as melhores e\u00a0 acabam ficando muito confusas. Depois de tr\u00eas meses, acham que s\u00f3 est\u00e3o protegidas dessa forma. Isso acaba gerando um medo de sair de casa. No outro extremo, h\u00e1 pessoas saindo como se n\u00e3o tivessem o v\u00edrus, em um processo de nega\u00e7\u00e3o por dificuldade de lidar com a situa\u00e7\u00e3o. S\u00e3o dois extremos. Existe o v\u00edrus. \u00c9 necess\u00e1rio manter medidas de biosseguran\u00e7a, mas isso n\u00e3o pode paralisar as pessoas\u201d, acrescenta.\u00a0<\/span><\/p>\n<p><strong>Fonte:<\/strong> Ag\u00eancia Brasil<\/p>\n","protected":false},"excerpt":{"rendered":"<p>O Brasil t\u00eam, de acordo com dados do Minist\u00e9rio da Sa\u00fade, quase 1 milh\u00e3o de recuperados da covid-19, doen\u00e7a causada pelo novo coronav\u00edrus. Para alguns, o fato de j\u00e1 ter tido a doen\u00e7a \u00e9 motivo para relaxar e n\u00e3o seguir \u00e0 risca as recomenda\u00e7\u00f5es para evitar o cont\u00e1gio. Para outros, a rotina de cuidados n\u00e3o [&hellip;]<\/p>\n","protected":false},"author":96,"featured_media":164088,"comment_status":"closed","ping_status":"closed","sticky":false,"template":"","format":"standard","meta":{"footnotes":""},"categories":[302,436,440,439],"tags":[],"class_list":["post-164087","post","type-post","status-publish","format-standard","has-post-thumbnail","hentry","category-brasil-mundo","category-destaque-da-semana","category-destaques-do-dia","category-ultima-hora"],"_links":{"self":[{"href":"https:\/\/diarioregionaldigital.com.br\/index.php?rest_route=\/wp\/v2\/posts\/164087","targetHints":{"allow":["GET"]}}],"collection":[{"href":"https:\/\/diarioregionaldigital.com.br\/index.php?rest_route=\/wp\/v2\/posts"}],"about":[{"href":"https:\/\/diarioregionaldigital.com.br\/index.php?rest_route=\/wp\/v2\/types\/post"}],"author":[{"embeddable":true,"href":"https:\/\/diarioregionaldigital.com.br\/index.php?rest_route=\/wp\/v2\/users\/96"}],"replies":[{"embeddable":true,"href":"https:\/\/diarioregionaldigital.com.br\/index.php?rest_route=%2Fwp%2Fv2%2Fcomments&post=164087"}],"version-history":[{"count":0,"href":"https:\/\/diarioregionaldigital.com.br\/index.php?rest_route=\/wp\/v2\/posts\/164087\/revisions"}],"wp:featuredmedia":[{"embeddable":true,"href":"https:\/\/diarioregionaldigital.com.br\/index.php?rest_route=\/wp\/v2\/media\/164088"}],"wp:attachment":[{"href":"https:\/\/diarioregionaldigital.com.br\/index.php?rest_route=%2Fwp%2Fv2%2Fmedia&parent=164087"}],"wp:term":[{"taxonomy":"category","embeddable":true,"href":"https:\/\/diarioregionaldigital.com.br\/index.php?rest_route=%2Fwp%2Fv2%2Fcategories&post=164087"},{"taxonomy":"post_tag","embeddable":true,"href":"https:\/\/diarioregionaldigital.com.br\/index.php?rest_route=%2Fwp%2Fv2%2Ftags&post=164087"}],"curies":[{"name":"wp","href":"https:\/\/api.w.org\/{rel}","templated":true}]}}