{"id":164083,"date":"2020-07-08T10:34:19","date_gmt":"2020-07-08T13:34:19","guid":{"rendered":"https:\/\/diarioregionaldigital.com.br\/?p=164083"},"modified":"2020-07-08T10:34:19","modified_gmt":"2020-07-08T13:34:19","slug":"saude-registra-mais-de-3-mil-novos-casos-de-coronavirus-no-estado","status":"publish","type":"post","link":"https:\/\/diarioregionaldigital.com.br\/?p=164083","title":{"rendered":"Sa\u00fade registra mais de 3 mil novos casos de Coronav\u00edrus no estado"},"content":{"rendered":"<p>O\u00a0<a href=\"https:\/\/www.saude.mg.gov.br\/images\/noticias_e_eventos\/000_2020\/Boletins_Corona\/Boletim_Epidemiologico_COVID-19_08.07.2020.pdf\">boletim epidemiol\u00f3gico<\/a> divulgado nesta quarta-feira (8) pela Secretaria de Estado da Sa\u00fade de Minas Gerais (SES-MG), aponta que o estado registrou 3.138 novos casos de Coronav\u00edrus em 24h, totalizando 64.035. Os \u00f3bitos confirmados aumentaram de 1.282 para 1.355. As 73 mortes registradas no novo boletim foram confirmadas em: Muria\u00e9 (2), Visconde do Rio Branco (1), Uberaba (1), Santa Juliana (1), S\u00e3o Gotardo (2), Patos de Minas (1), Coronel Fabriciano (1), Caratinga (1), Ipatinga (2), Belo Oriente (1), Uberl\u00e2ndia (7), Salinas (3), Monte Si\u00e3o (1), Extrema (1), Po\u00e7os de Caldas (1), Pouso Alegre (3), Rochedo de Minas (1), Juiz de Fora (2), Rio Novo (1), Urucuia (1), Buritizeiro (1), Lavras (2), Passa Quatro (1), Tr\u00eas Pontas (1), Inimutaba (1), Belo Horizonte (12), Astolfo Dutra (1), Cataguases (3), Laranjal (1), Leopoldina (1), Te\u00f3filo Otoni (4), Atal\u00e9ia (1), S\u00e3o Geraldo do Baixio (1), Governador Valadares (3), Jeceaba (1), Congonhas (1), Martins Soares (1), Manhua\u00e7u (1), Tombos (1) e Manhumirim (1).<\/p>\n<p>Segundo o boletim, o n\u00famero de pacientes recuperados aumentou de 38.554 para 40.731, representando 63,3% dos casos. Conforme o levantamento, 21.949 pacientes est\u00e3o sob acompanhamento m\u00e9dico. At\u00e9 ent\u00e3o foram feitos 47.963 testes laboratoriais, sendo que 9.392 deram positivo, 35.689 deram negativo e 2.223 est\u00e3o sob an\u00e1lise.<\/p>\n<p>Confira abaixo a tabela completa com os \u00f3bitos confirmados no estado:<\/p>\n<p><a href=\"https:\/\/diarioregionaldigital.com.br\/wp-content\/uploads\/2020\/07\/OBITOS_CONF_COVID-19_MG_08.07.2020.xlsx\">OBITOS_CONF_COVID-19_MG_08.07.2020<\/a><\/p>\n","protected":false},"excerpt":{"rendered":"<p>O\u00a0boletim epidemiol\u00f3gico divulgado nesta quarta-feira (8) pela Secretaria de Estado da Sa\u00fade de Minas Gerais (SES-MG), aponta que o estado registrou 3.138 novos casos de Coronav\u00edrus em 24h, totalizando 64.035. Os \u00f3bitos confirmados aumentaram de 1.282 para 1.355. As 73 mortes registradas no novo boletim foram confirmadas em: Muria\u00e9 (2), Visconde do Rio Branco (1), [&hellip;]<\/p>\n","protected":false},"author":96,"featured_media":164085,"comment_status":"closed","ping_status":"closed","sticky":false,"template":"","format":"standard","meta":{"footnotes":""},"categories":[436,440,252,439],"tags":[],"class_list":["post-164083","post","type-post","status-publish","format-standard","has-post-thumbnail","hentry","category-destaque-da-semana","category-destaques-do-dia","category-regiao","category-ultima-hora"],"_links":{"self":[{"href":"https:\/\/diarioregionaldigital.com.br\/index.php?rest_route=\/wp\/v2\/posts\/164083","targetHints":{"allow":["GET"]}}],"collection":[{"href":"https:\/\/diarioregionaldigital.com.br\/index.php?rest_route=\/wp\/v2\/posts"}],"about":[{"href":"https:\/\/diarioregionaldigital.com.br\/index.php?rest_route=\/wp\/v2\/types\/post"}],"author":[{"embeddable":true,"href":"https:\/\/diarioregionaldigital.com.br\/index.php?rest_route=\/wp\/v2\/users\/96"}],"replies":[{"embeddable":true,"href":"https:\/\/diarioregionaldigital.com.br\/index.php?rest_route=%2Fwp%2Fv2%2Fcomments&post=164083"}],"version-history":[{"count":0,"href":"https:\/\/diarioregionaldigital.com.br\/index.php?rest_route=\/wp\/v2\/posts\/164083\/revisions"}],"wp:featuredmedia":[{"embeddable":true,"href":"https:\/\/diarioregionaldigital.com.br\/index.php?rest_route=\/wp\/v2\/media\/164085"}],"wp:attachment":[{"href":"https:\/\/diarioregionaldigital.com.br\/index.php?rest_route=%2Fwp%2Fv2%2Fmedia&parent=164083"}],"wp:term":[{"taxonomy":"category","embeddable":true,"href":"https:\/\/diarioregionaldigital.com.br\/index.php?rest_route=%2Fwp%2Fv2%2Fcategories&post=164083"},{"taxonomy":"post_tag","embeddable":true,"href":"https:\/\/diarioregionaldigital.com.br\/index.php?rest_route=%2Fwp%2Fv2%2Ftags&post=164083"}],"curies":[{"name":"wp","href":"https:\/\/api.w.org\/{rel}","templated":true}]}}