{"id":164072,"date":"2020-07-08T06:00:04","date_gmt":"2020-07-08T09:00:04","guid":{"rendered":"https:\/\/diarioregionaldigital.com.br\/?p=164072"},"modified":"2020-07-07T23:48:28","modified_gmt":"2020-07-08T02:48:28","slug":"escala-a-fama","status":"publish","type":"post","link":"https:\/\/diarioregionaldigital.com.br\/?p=164072","title":{"rendered":"Escala a Fama"},"content":{"rendered":"<p style=\"text-align: center;\"><strong>Escala a Fama<\/strong><\/p>\n<p style=\"text-align: center;\">Juiz de Fora est\u00e1 em alta. O filho da terra Vanderlei Geraldo de Assis \u00e9 o novo gr\u00e3o-mestre do Grande Oriente de Minas, tendo como vice o coronel PM, Rodrigo Piassi. A cerim\u00f4nia de posse no Pal\u00e1cio Mac\u00f4nico em Belo Horizonte, contou com a presen\u00e7a de ma\u00e7ons de Juiz de Fora e Bicas.<\/p>\n<p style=\"text-align: center;\"><strong>Videochamadas<\/strong><\/p>\n<p style=\"text-align: center;\">A pandemia fez crescer interesse dos brasileiros pelas videochamadas e lives. Seja para o trabalho ou para matar a saudade de quem se ama, a ferramenta virou artigo essencial nos celulares. O uso de apps no Brasil, segundo a pesquisa da Mobile Time\/Opinion Box, entre a faixa et\u00e1ria de 16 a 49, o percentual \u00e9 de 90% e, acima de 50 anos, o total cai para 81% dos entrevistados que disseram j\u00e1 ter realizado videochamada pelo celular.<\/p>\n<p style=\"text-align: center;\"><span style=\"font-size: 14pt;\"><strong>Para Refletir<\/strong><\/span><\/p>\n<p style=\"text-align: center;\">\u201cJ\u00e1 que esta crise \u00e9 inevit\u00e1vel, que a gente ao menos transforme nosso espanto em sabedoria\u201d. (Martha Medeiros)<\/p>\n<div id=\"attachment_164062\" style=\"width: 690px\" class=\"wp-caption aligncenter\"><img loading=\"lazy\" decoding=\"async\" aria-describedby=\"caption-attachment-164062\" class=\"wp-image-164062\" src=\"https:\/\/diarioregionaldigital.com.br\/wp-content\/uploads\/2020\/07\/fotoaa-2-e1594174762963.jpeg\" alt=\"\" width=\"680\" height=\"521\" srcset=\"https:\/\/diarioregionaldigital.com.br\/wp-content\/uploads\/2020\/07\/fotoaa-2-e1594174762963.jpeg 835w, https:\/\/diarioregionaldigital.com.br\/wp-content\/uploads\/2020\/07\/fotoaa-2-e1594174762963-300x230.jpeg 300w, https:\/\/diarioregionaldigital.com.br\/wp-content\/uploads\/2020\/07\/fotoaa-2-e1594174762963-768x589.jpeg 768w, https:\/\/diarioregionaldigital.com.br\/wp-content\/uploads\/2020\/07\/fotoaa-2-e1594174762963-360x276.jpeg 360w\" sizes=\"auto, (max-width: 680px) 100vw, 680px\" \/><p id=\"caption-attachment-164062\" class=\"wp-caption-text\">O bonit\u00e3o Ramon Wagner posou com acess\u00f3rios Marfree Designer em produ\u00e7\u00e3o de M\u00e1rcio Sawabona<\/p><\/div>\n<div id=\"attachment_164061\" style=\"width: 690px\" class=\"wp-caption aligncenter\"><img loading=\"lazy\" decoding=\"async\" aria-describedby=\"caption-attachment-164061\" class=\"wp-image-164061\" src=\"https:\/\/diarioregionaldigital.com.br\/wp-content\/uploads\/2020\/07\/fotoa-3-e1594174661373.jpg\" alt=\"\" width=\"680\" height=\"485\" srcset=\"https:\/\/diarioregionaldigital.com.br\/wp-content\/uploads\/2020\/07\/fotoa-3-e1594174661373.jpg 774w, https:\/\/diarioregionaldigital.com.br\/wp-content\/uploads\/2020\/07\/fotoa-3-e1594174661373-300x214.jpg 300w, https:\/\/diarioregionaldigital.com.br\/wp-content\/uploads\/2020\/07\/fotoa-3-e1594174661373-768x548.jpg 768w, https:\/\/diarioregionaldigital.com.br\/wp-content\/uploads\/2020\/07\/fotoa-3-e1594174661373-360x257.jpg 360w, https:\/\/diarioregionaldigital.com.br\/wp-content\/uploads\/2020\/07\/fotoa-3-e1594174661373-100x70.jpg 100w\" sizes=\"auto, (max-width: 680px) 100vw, 680px\" \/><p id=\"caption-attachment-164061\" class=\"wp-caption-text\">A bonita presidente da ABRASEL\/JF Francele Galil faz sucesso com seu box de del\u00edcias de sua Singularidades Eventos<\/p><\/div>\n<div id=\"attachment_164063\" style=\"width: 690px\" class=\"wp-caption aligncenter\"><img loading=\"lazy\" decoding=\"async\" aria-describedby=\"caption-attachment-164063\" class=\"wp-image-164063\" src=\"https:\/\/diarioregionaldigital.com.br\/wp-content\/uploads\/2020\/07\/fotob-3-e1594175098872.jpg\" alt=\"\" width=\"680\" height=\"511\" srcset=\"https:\/\/diarioregionaldigital.com.br\/wp-content\/uploads\/2020\/07\/fotob-3-e1594175098872.jpg 601w, https:\/\/diarioregionaldigital.com.br\/wp-content\/uploads\/2020\/07\/fotob-3-e1594175098872-300x226.jpg 300w, https:\/\/diarioregionaldigital.com.br\/wp-content\/uploads\/2020\/07\/fotob-3-e1594175098872-360x271.jpg 360w\" sizes=\"auto, (max-width: 680px) 100vw, 680px\" \/><p id=\"caption-attachment-164063\" class=\"wp-caption-text\">Eduardo Gomes comemorando o sucesso da live da estrela dos musicais Beyonc\u00e9 Ravel<\/p><\/div>\n<div id=\"attachment_164066\" style=\"width: 690px\" class=\"wp-caption aligncenter\"><img loading=\"lazy\" decoding=\"async\" aria-describedby=\"caption-attachment-164066\" class=\"wp-image-164066\" src=\"https:\/\/diarioregionaldigital.com.br\/wp-content\/uploads\/2020\/07\/fotod-3-e1594175325450.jpg\" alt=\"\" width=\"680\" height=\"491\" srcset=\"https:\/\/diarioregionaldigital.com.br\/wp-content\/uploads\/2020\/07\/fotod-3-e1594175325450.jpg 752w, https:\/\/diarioregionaldigital.com.br\/wp-content\/uploads\/2020\/07\/fotod-3-e1594175325450-300x217.jpg 300w, https:\/\/diarioregionaldigital.com.br\/wp-content\/uploads\/2020\/07\/fotod-3-e1594175325450-360x260.jpg 360w\" sizes=\"auto, (max-width: 680px) 100vw, 680px\" \/><p id=\"caption-attachment-164066\" class=\"wp-caption-text\">Curtindo o m\u00eas junino, DJ Rodriggo Fernand o pequeno Artur Miguel e Larissa Pereira<\/p><\/div>\n<div id=\"attachment_164067\" style=\"width: 690px\" class=\"wp-caption aligncenter\"><img loading=\"lazy\" decoding=\"async\" aria-describedby=\"caption-attachment-164067\" class=\"wp-image-164067\" src=\"https:\/\/diarioregionaldigital.com.br\/wp-content\/uploads\/2020\/07\/fotoe-1-e1594175416675.jpg\" alt=\"\" width=\"680\" height=\"476\" srcset=\"https:\/\/diarioregionaldigital.com.br\/wp-content\/uploads\/2020\/07\/fotoe-1-e1594175416675.jpg 909w, https:\/\/diarioregionaldigital.com.br\/wp-content\/uploads\/2020\/07\/fotoe-1-e1594175416675-300x210.jpg 300w, https:\/\/diarioregionaldigital.com.br\/wp-content\/uploads\/2020\/07\/fotoe-1-e1594175416675-768x537.jpg 768w, https:\/\/diarioregionaldigital.com.br\/wp-content\/uploads\/2020\/07\/fotoe-1-e1594175416675-360x252.jpg 360w, https:\/\/diarioregionaldigital.com.br\/wp-content\/uploads\/2020\/07\/fotoe-1-e1594175416675-100x70.jpg 100w\" sizes=\"auto, (max-width: 680px) 100vw, 680px\" \/><p id=\"caption-attachment-164067\" class=\"wp-caption-text\">Cl\u00e1udia Matos linda e loura no ap\u00ea da Av. Atl\u00e2ntica (Rio)<\/p><\/div>\n<div id=\"attachment_164068\" style=\"width: 690px\" class=\"wp-caption aligncenter\"><img loading=\"lazy\" decoding=\"async\" aria-describedby=\"caption-attachment-164068\" class=\"wp-image-164068\" src=\"https:\/\/diarioregionaldigital.com.br\/wp-content\/uploads\/2020\/07\/fotof-1-e1594175530732.jpeg\" alt=\"\" width=\"680\" height=\"494\" srcset=\"https:\/\/diarioregionaldigital.com.br\/wp-content\/uploads\/2020\/07\/fotof-1-e1594175530732.jpeg 754w, https:\/\/diarioregionaldigital.com.br\/wp-content\/uploads\/2020\/07\/fotof-1-e1594175530732-300x218.jpeg 300w, https:\/\/diarioregionaldigital.com.br\/wp-content\/uploads\/2020\/07\/fotof-1-e1594175530732-360x262.jpeg 360w\" sizes=\"auto, (max-width: 680px) 100vw, 680px\" \/><p id=\"caption-attachment-164068\" class=\"wp-caption-text\">Vestindo M.Marques, os DJs Dubdogs Lucas e Marcos Schimidt, em cena fashion<\/p><\/div>\n<div id=\"attachment_164069\" style=\"width: 690px\" class=\"wp-caption aligncenter\"><img loading=\"lazy\" decoding=\"async\" aria-describedby=\"caption-attachment-164069\" class=\"wp-image-164069\" src=\"https:\/\/diarioregionaldigital.com.br\/wp-content\/uploads\/2020\/07\/fotog-2-e1594175572956.jpg\" alt=\"\" width=\"680\" height=\"507\" srcset=\"https:\/\/diarioregionaldigital.com.br\/wp-content\/uploads\/2020\/07\/fotog-2-e1594175572956.jpg 621w, https:\/\/diarioregionaldigital.com.br\/wp-content\/uploads\/2020\/07\/fotog-2-e1594175572956-300x224.jpg 300w, https:\/\/diarioregionaldigital.com.br\/wp-content\/uploads\/2020\/07\/fotog-2-e1594175572956-360x268.jpg 360w\" sizes=\"auto, (max-width: 680px) 100vw, 680px\" \/><p id=\"caption-attachment-164069\" class=\"wp-caption-text\">Esperando o Privil\u00e9ge reabrir, os bambambans da linha de frente, Oct\u00e1vio Fagundes e Iuri Girardi<\/p><\/div>\n<div id=\"attachment_164070\" style=\"width: 690px\" class=\"wp-caption aligncenter\"><img loading=\"lazy\" decoding=\"async\" aria-describedby=\"caption-attachment-164070\" class=\"wp-image-164070\" src=\"https:\/\/diarioregionaldigital.com.br\/wp-content\/uploads\/2020\/07\/fotoh-3-e1594175619206.jpg\" alt=\"\" width=\"680\" height=\"525\" srcset=\"https:\/\/diarioregionaldigital.com.br\/wp-content\/uploads\/2020\/07\/fotoh-3-e1594175619206.jpg 765w, https:\/\/diarioregionaldigital.com.br\/wp-content\/uploads\/2020\/07\/fotoh-3-e1594175619206-300x232.jpg 300w, https:\/\/diarioregionaldigital.com.br\/wp-content\/uploads\/2020\/07\/fotoh-3-e1594175619206-360x278.jpg 360w\" sizes=\"auto, (max-width: 680px) 100vw, 680px\" \/><p id=\"caption-attachment-164070\" class=\"wp-caption-text\">Comemorando muitos anos de casados o querido casal Dodora e Luis Fernando Sirimarco<\/p><\/div>\n<div id=\"attachment_164064\" style=\"width: 690px\" class=\"wp-caption aligncenter\"><img loading=\"lazy\" decoding=\"async\" aria-describedby=\"caption-attachment-164064\" class=\"wp-image-164064\" src=\"https:\/\/diarioregionaldigital.com.br\/wp-content\/uploads\/2020\/07\/fotobb.jpeg\" alt=\"\" width=\"680\" height=\"452\" srcset=\"https:\/\/diarioregionaldigital.com.br\/wp-content\/uploads\/2020\/07\/fotobb.jpeg 894w, https:\/\/diarioregionaldigital.com.br\/wp-content\/uploads\/2020\/07\/fotobb-300x199.jpeg 300w, https:\/\/diarioregionaldigital.com.br\/wp-content\/uploads\/2020\/07\/fotobb-768x510.jpeg 768w, https:\/\/diarioregionaldigital.com.br\/wp-content\/uploads\/2020\/07\/fotobb-360x239.jpeg 360w\" sizes=\"auto, (max-width: 680px) 100vw, 680px\" \/><p id=\"caption-attachment-164064\" class=\"wp-caption-text\">O bonito casal Guilherme Gon\u00e7alves e Helaine Rodrigues Gon\u00e7alves festejaram 19 anos de feliz casamento<\/p><\/div>\n<div id=\"attachment_164065\" style=\"width: 690px\" class=\"wp-caption aligncenter\"><img loading=\"lazy\" decoding=\"async\" aria-describedby=\"caption-attachment-164065\" class=\"wp-image-164065\" src=\"https:\/\/diarioregionaldigital.com.br\/wp-content\/uploads\/2020\/07\/fotoc-3-e1594175292927.jpg\" alt=\"\" width=\"680\" height=\"725\" srcset=\"https:\/\/diarioregionaldigital.com.br\/wp-content\/uploads\/2020\/07\/fotoc-3-e1594175292927.jpg 715w, https:\/\/diarioregionaldigital.com.br\/wp-content\/uploads\/2020\/07\/fotoc-3-e1594175292927-281x300.jpg 281w, https:\/\/diarioregionaldigital.com.br\/wp-content\/uploads\/2020\/07\/fotoc-3-e1594175292927-360x384.jpg 360w\" sizes=\"auto, (max-width: 680px) 100vw, 680px\" \/><p id=\"caption-attachment-164065\" class=\"wp-caption-text\">Em tempo de isolamento social, o cabelereiro de astros e estrelas, Leandro Calixto ouve m\u00fasica<\/p><\/div>\n<p style=\"text-align: center;\"><strong>FOTOSS\u00cdNTESE<\/strong><\/p>\n<p>Homens bonitos e bem sucedidos de Juiz de Fora est\u00e3o vestindo roupas lindas da Camisaria Don. Dentre eles, Heverson San\u00e1bio, Wesley Guedes, Tiago Guimar\u00e3es e Marlus Andreucci.<\/p>\n<p>Para a IV Semana da Rainbow da UFJF no per\u00edodo de 10 a 16 de agosto (on-line), o Ritz Plaza Hotel, mais uma vez, \u00e9 parceiro do evento.<\/p>\n<p>Aniversariante de destaque desta 4\u00aafeira (8), o competente odont\u00f3logo Robson Rangel Gusm\u00e3o. Parab\u00e9ns.<\/p>\n<p>Causando impacto visual os trabalhadores lindos do designer Tiago Macedo. Um luxo!<\/p>\n<p>De maneira l\u00fadica e recarregando amor e empatia, a Intecoop\/UFJF enviou para este colunista as sementes da resist\u00eancia. Foi plantada para florescer f\u00e9 e esperan\u00e7a de dias melhores.<\/p>\n<p>Digno de elogios, o jornalista S\u00e9rgio Bara dono da iniciativa para o lan\u00e7amento da Frente de Combate ao Coronav\u00edrus-Protocolo JF.<\/p>\n<p>Correio elegante: enviamos positividade para Ana Elisa Costa, Michel Brucce, Celeste de Paula, Marcio Halack, Regina Horta e Silva, Cl\u00e1udio Prenassi, Cecy Barbosa Campos, S\u00e9rgio e Nini F\u00e9lix.<\/p>\n<p>A turma gente boa da Ag\u00eancia Artwork comemorou 26 anos de mercado publicit\u00e1rio somando carteira fixa de 23 clientes. O foco \u00e9 estrat\u00e9gia, planejamento e comunica\u00e7\u00e3o.<\/p>\n<p>Bem a prop\u00f3sito: \u201cNo final \u00e9 sempre o \u00e1lcool que t\u00e1 salvado, seja em gel, lata ou garrafa\u201d. Bom dia.<\/p>\n<p><img loading=\"lazy\" decoding=\"async\" class=\"aligncenter size-full wp-image-164073\" src=\"https:\/\/diarioregionaldigital.com.br\/wp-content\/uploads\/2020\/07\/anuncio41-scaled.jpg\" alt=\"\" width=\"2560\" height=\"987\" srcset=\"https:\/\/diarioregionaldigital.com.br\/wp-content\/uploads\/2020\/07\/anuncio41-scaled.jpg 2560w, https:\/\/diarioregionaldigital.com.br\/wp-content\/uploads\/2020\/07\/anuncio41-300x116.jpg 300w, https:\/\/diarioregionaldigital.com.br\/wp-content\/uploads\/2020\/07\/anuncio41-1024x395.jpg 1024w, https:\/\/diarioregionaldigital.com.br\/wp-content\/uploads\/2020\/07\/anuncio41-768x296.jpg 768w, https:\/\/diarioregionaldigital.com.br\/wp-content\/uploads\/2020\/07\/anuncio41-1536x592.jpg 1536w, https:\/\/diarioregionaldigital.com.br\/wp-content\/uploads\/2020\/07\/anuncio41-2048x790.jpg 2048w, https:\/\/diarioregionaldigital.com.br\/wp-content\/uploads\/2020\/07\/anuncio41-360x139.jpg 360w\" sizes=\"auto, (max-width: 2560px) 100vw, 2560px\" \/><\/p>\n","protected":false},"excerpt":{"rendered":"<p>Escala a Fama Juiz de Fora est\u00e1 em alta. O filho da terra Vanderlei Geraldo de Assis \u00e9 o novo gr\u00e3o-mestre do Grande Oriente de Minas, tendo como vice o coronel PM, Rodrigo Piassi. A cerim\u00f4nia de posse no Pal\u00e1cio Mac\u00f4nico em Belo Horizonte, contou com a presen\u00e7a de ma\u00e7ons de Juiz de Fora e [&hellip;]<\/p>\n","protected":false},"author":96,"featured_media":164062,"comment_status":"closed","ping_status":"closed","sticky":false,"template":"","format":"standard","meta":{"footnotes":""},"categories":[264],"tags":[],"class_list":["post-164072","post","type-post","status-publish","format-standard","has-post-thumbnail","hentry","category-eduardo-gomes"],"_links":{"self":[{"href":"https:\/\/diarioregionaldigital.com.br\/index.php?rest_route=\/wp\/v2\/posts\/164072","targetHints":{"allow":["GET"]}}],"collection":[{"href":"https:\/\/diarioregionaldigital.com.br\/index.php?rest_route=\/wp\/v2\/posts"}],"about":[{"href":"https:\/\/diarioregionaldigital.com.br\/index.php?rest_route=\/wp\/v2\/types\/post"}],"author":[{"embeddable":true,"href":"https:\/\/diarioregionaldigital.com.br\/index.php?rest_route=\/wp\/v2\/users\/96"}],"replies":[{"embeddable":true,"href":"https:\/\/diarioregionaldigital.com.br\/index.php?rest_route=%2Fwp%2Fv2%2Fcomments&post=164072"}],"version-history":[{"count":0,"href":"https:\/\/diarioregionaldigital.com.br\/index.php?rest_route=\/wp\/v2\/posts\/164072\/revisions"}],"wp:featuredmedia":[{"embeddable":true,"href":"https:\/\/diarioregionaldigital.com.br\/index.php?rest_route=\/wp\/v2\/media\/164062"}],"wp:attachment":[{"href":"https:\/\/diarioregionaldigital.com.br\/index.php?rest_route=%2Fwp%2Fv2%2Fmedia&parent=164072"}],"wp:term":[{"taxonomy":"category","embeddable":true,"href":"https:\/\/diarioregionaldigital.com.br\/index.php?rest_route=%2Fwp%2Fv2%2Fcategories&post=164072"},{"taxonomy":"post_tag","embeddable":true,"href":"https:\/\/diarioregionaldigital.com.br\/index.php?rest_route=%2Fwp%2Fv2%2Ftags&post=164072"}],"curies":[{"name":"wp","href":"https:\/\/api.w.org\/{rel}","templated":true}]}}