{"id":164055,"date":"2020-07-07T18:05:55","date_gmt":"2020-07-07T21:05:55","guid":{"rendered":"https:\/\/diarioregionaldigital.com.br\/?p=164055"},"modified":"2020-07-07T18:05:55","modified_gmt":"2020-07-07T21:05:55","slug":"campeonato-mineiro-retorna-no-dia-26-de-julho","status":"publish","type":"post","link":"https:\/\/diarioregionaldigital.com.br\/?p=164055","title":{"rendered":"Campeonato Mineiro retorna no dia 26 de julho"},"content":{"rendered":"<p>A Federa\u00e7\u00e3o Mineira de Futebol (FMF), anunciou na tarde desta ter\u00e7a-feira (7), que o Campeonato Mineiro 2020 retorna no dia 26 deste m\u00eas. \u00a0decis\u00e3o foi tomada pelos 12 clubes do M\u00f3dulo I (primeira divis\u00e3o), em reuni\u00e3o por videoconfer\u00eancia com a entidade m\u00e1xima do futebol mineiro. Foi definido tamb\u00e9m que os jogos das semifinais e final ser\u00e3o feitos em ida e volta.<\/p>\n<p>No dia 17 do \u00faltimo m\u00eas, o presidente FMF, Adriano Aro, se reuniu com o Secret\u00e1rio de Sa\u00fade de Minas Gerais, Carlos Eduardo, o Centro de Opera\u00e7\u00f5es de Emerg\u00eancia em Sa\u00fade de Minas Gerais (COES-MG), na qual foi apresentada uma proposta e ela foi aceita pela Secretaria de Sa\u00fade (SES-MG).<\/p>\n<p>Os jogos da rodada que marca o retorno do Campeonato Mineiro s\u00e3o:<\/p>\n<ul>\n<li>Tupynamb\u00e1s x Caldense<\/li>\n<li>Coimbra x Tombense<\/li>\n<li>Uberl\u00e2ndia x Villa Nova<\/li>\n<li>Cruzeiro x URT<\/li>\n<li>Am\u00e9rica-MG x Atl\u00e9tico-MG<\/li>\n<li>Patrocinense x Boa Esporte<\/li>\n<\/ul>\n<p>Em decorr\u00eancia da pandemia do Coronav\u00edrus, o Campeonato Mineiro est\u00e1 paralisado desde mar\u00e7o. Na classifica\u00e7\u00e3o do campeonato, o Am\u00e9rica lidera com 21 pontos, Tombense \u00e9 o segundo com 20, Atl\u00e9tico \u00e9 o terceiro com 18 e a Caldense est\u00e1 em quarto com 17 pontos. O Tupynamb\u00e1s \u00e9 o lanterna com apenas 3 pontos conquistados em 9 jogos.<\/p>\n<div><\/div>\n<div class=\"the_champ_sharing_container the_champ_horizontal_sharing\"><\/div>\n","protected":false},"excerpt":{"rendered":"<p>A Federa\u00e7\u00e3o Mineira de Futebol (FMF), anunciou na tarde desta ter\u00e7a-feira (7), que o Campeonato Mineiro 2020 retorna no dia 26 deste m\u00eas. \u00a0decis\u00e3o foi tomada pelos 12 clubes do M\u00f3dulo I (primeira divis\u00e3o), em reuni\u00e3o por videoconfer\u00eancia com a entidade m\u00e1xima do futebol mineiro. Foi definido tamb\u00e9m que os jogos das semifinais e final [&hellip;]<\/p>\n","protected":false},"author":96,"featured_media":164056,"comment_status":"closed","ping_status":"closed","sticky":false,"template":"","format":"standard","meta":{"footnotes":""},"categories":[436,257,439],"tags":[],"class_list":["post-164055","post","type-post","status-publish","format-standard","has-post-thumbnail","hentry","category-destaque-da-semana","category-esporte","category-ultima-hora"],"_links":{"self":[{"href":"https:\/\/diarioregionaldigital.com.br\/index.php?rest_route=\/wp\/v2\/posts\/164055","targetHints":{"allow":["GET"]}}],"collection":[{"href":"https:\/\/diarioregionaldigital.com.br\/index.php?rest_route=\/wp\/v2\/posts"}],"about":[{"href":"https:\/\/diarioregionaldigital.com.br\/index.php?rest_route=\/wp\/v2\/types\/post"}],"author":[{"embeddable":true,"href":"https:\/\/diarioregionaldigital.com.br\/index.php?rest_route=\/wp\/v2\/users\/96"}],"replies":[{"embeddable":true,"href":"https:\/\/diarioregionaldigital.com.br\/index.php?rest_route=%2Fwp%2Fv2%2Fcomments&post=164055"}],"version-history":[{"count":0,"href":"https:\/\/diarioregionaldigital.com.br\/index.php?rest_route=\/wp\/v2\/posts\/164055\/revisions"}],"wp:featuredmedia":[{"embeddable":true,"href":"https:\/\/diarioregionaldigital.com.br\/index.php?rest_route=\/wp\/v2\/media\/164056"}],"wp:attachment":[{"href":"https:\/\/diarioregionaldigital.com.br\/index.php?rest_route=%2Fwp%2Fv2%2Fmedia&parent=164055"}],"wp:term":[{"taxonomy":"category","embeddable":true,"href":"https:\/\/diarioregionaldigital.com.br\/index.php?rest_route=%2Fwp%2Fv2%2Fcategories&post=164055"},{"taxonomy":"post_tag","embeddable":true,"href":"https:\/\/diarioregionaldigital.com.br\/index.php?rest_route=%2Fwp%2Fv2%2Ftags&post=164055"}],"curies":[{"name":"wp","href":"https:\/\/api.w.org\/{rel}","templated":true}]}}