{"id":164053,"date":"2020-07-07T17:43:13","date_gmt":"2020-07-07T20:43:13","guid":{"rendered":"https:\/\/diarioregionaldigital.com.br\/?p=164053"},"modified":"2020-07-07T17:43:13","modified_gmt":"2020-07-07T20:43:13","slug":"prefeito-antonio-almas-faz-exame-de-coronavirus","status":"publish","type":"post","link":"https:\/\/diarioregionaldigital.com.br\/?p=164053","title":{"rendered":"Prefeito Ant\u00f4nio Almas faz exame de Coronav\u00edrus"},"content":{"rendered":"<p>O prefeito de Juiz de Fora, Ant\u00f4nio Almas (PSDB), realizou teste de Coronav\u00edrus, na tarde desta ter\u00e7a-feira (7), no Hospital Santa Casa de Miseric\u00f3rdia. O mandat\u00e1rio teve contato com pessoas infectadas e por precau\u00e7\u00e3o realizou o teste, cujo resultado est\u00e1 previsto para ser divulgado amanh\u00e3 (8). Diante disso, a Secretaria Municipal de Comunica\u00e7\u00e3o informa que Ant\u00f4nio Almas deve despachar de sua resid\u00eancia, ao longo desta semana.<\/p>\n","protected":false},"excerpt":{"rendered":"<p>O prefeito de Juiz de Fora, Ant\u00f4nio Almas (PSDB), realizou teste de Coronav\u00edrus, na tarde desta ter\u00e7a-feira (7), no Hospital Santa Casa de Miseric\u00f3rdia. O mandat\u00e1rio teve contato com pessoas infectadas e por precau\u00e7\u00e3o realizou o teste, cujo resultado est\u00e1 previsto para ser divulgado amanh\u00e3 (8). Diante disso, a Secretaria Municipal de Comunica\u00e7\u00e3o informa que [&hellip;]<\/p>\n","protected":false},"author":96,"featured_media":158955,"comment_status":"closed","ping_status":"closed","sticky":false,"template":"","format":"standard","meta":{"footnotes":""},"categories":[436,440,254,439],"tags":[],"class_list":["post-164053","post","type-post","status-publish","format-standard","has-post-thumbnail","hentry","category-destaque-da-semana","category-destaques-do-dia","category-politica","category-ultima-hora"],"_links":{"self":[{"href":"https:\/\/diarioregionaldigital.com.br\/index.php?rest_route=\/wp\/v2\/posts\/164053","targetHints":{"allow":["GET"]}}],"collection":[{"href":"https:\/\/diarioregionaldigital.com.br\/index.php?rest_route=\/wp\/v2\/posts"}],"about":[{"href":"https:\/\/diarioregionaldigital.com.br\/index.php?rest_route=\/wp\/v2\/types\/post"}],"author":[{"embeddable":true,"href":"https:\/\/diarioregionaldigital.com.br\/index.php?rest_route=\/wp\/v2\/users\/96"}],"replies":[{"embeddable":true,"href":"https:\/\/diarioregionaldigital.com.br\/index.php?rest_route=%2Fwp%2Fv2%2Fcomments&post=164053"}],"version-history":[{"count":0,"href":"https:\/\/diarioregionaldigital.com.br\/index.php?rest_route=\/wp\/v2\/posts\/164053\/revisions"}],"wp:featuredmedia":[{"embeddable":true,"href":"https:\/\/diarioregionaldigital.com.br\/index.php?rest_route=\/wp\/v2\/media\/158955"}],"wp:attachment":[{"href":"https:\/\/diarioregionaldigital.com.br\/index.php?rest_route=%2Fwp%2Fv2%2Fmedia&parent=164053"}],"wp:term":[{"taxonomy":"category","embeddable":true,"href":"https:\/\/diarioregionaldigital.com.br\/index.php?rest_route=%2Fwp%2Fv2%2Fcategories&post=164053"},{"taxonomy":"post_tag","embeddable":true,"href":"https:\/\/diarioregionaldigital.com.br\/index.php?rest_route=%2Fwp%2Fv2%2Ftags&post=164053"}],"curies":[{"name":"wp","href":"https:\/\/api.w.org\/{rel}","templated":true}]}}