{"id":164051,"date":"2020-07-07T17:36:31","date_gmt":"2020-07-07T20:36:31","guid":{"rendered":"https:\/\/diarioregionaldigital.com.br\/?p=164051"},"modified":"2020-07-07T17:36:31","modified_gmt":"2020-07-07T20:36:31","slug":"covid-19-juiz-de-fora-tem-primeira-morte-de-adulto-abaixo-dos-40-anos","status":"publish","type":"post","link":"https:\/\/diarioregionaldigital.com.br\/?p=164051","title":{"rendered":"Covid-19: Juiz de Fora tem primeira morte de adulto abaixo dos 40 anos"},"content":{"rendered":"<p>A Secretaria de Sa\u00fade (SS) da Prefeitura de Juiz de Fora (PJF), registrou em boletim epidemiol\u00f3gico divulgado nesta ter\u00e7a-feira (7), mais tr\u00eas mortes pelo novo coronav\u00edrus no munic\u00edpio, contabilizando 68 \u00f3bitos. Entre as v\u00edtimas, est\u00e1 um homem de 38 anos, o primeiro \u00f3bito em adulto com menos de 40 anos. Segundo o levantamento, foram registrados mais 45 novos casos, totalizando 2.327. Al\u00e9m disso, 197 novas suspeitas foram registradas, contabilizando 9.027.<\/p>\n<p><b>\u00d3bitos:<\/b><\/p>\n<p>Idosa, de 85 anos, morreu no dia 2 de julho. Comorbidades: Diabetes Mellitus e Doen\u00e7a Cardiovascular Cr\u00f4nica (DCC);<\/p>\n<p>Homem, de 45 anos, morreu nesta ter\u00e7a-feira, 7. Comorbidades: Doen\u00e7a Cardiovascular Cr\u00f4nica (DCC), Diabetes Mellitus e obesidade<\/p>\n<p>Homem, de 38 anos, morreu nesta ter\u00e7a-feira, 7. Comorbidade: imunodefici\u00eancia<\/p>\n","protected":false},"excerpt":{"rendered":"<p>A Secretaria de Sa\u00fade (SS) da Prefeitura de Juiz de Fora (PJF), registrou em boletim epidemiol\u00f3gico divulgado nesta ter\u00e7a-feira (7), mais tr\u00eas mortes pelo novo coronav\u00edrus no munic\u00edpio, contabilizando 68 \u00f3bitos. Entre as v\u00edtimas, est\u00e1 um homem de 38 anos, o primeiro \u00f3bito em adulto com menos de 40 anos. Segundo o levantamento, foram registrados [&hellip;]<\/p>\n","protected":false},"author":96,"featured_media":162518,"comment_status":"closed","ping_status":"closed","sticky":false,"template":"","format":"standard","meta":{"footnotes":""},"categories":[253,436,440,439],"tags":[],"class_list":["post-164051","post","type-post","status-publish","format-standard","has-post-thumbnail","hentry","category-cidade","category-destaque-da-semana","category-destaques-do-dia","category-ultima-hora"],"_links":{"self":[{"href":"https:\/\/diarioregionaldigital.com.br\/index.php?rest_route=\/wp\/v2\/posts\/164051","targetHints":{"allow":["GET"]}}],"collection":[{"href":"https:\/\/diarioregionaldigital.com.br\/index.php?rest_route=\/wp\/v2\/posts"}],"about":[{"href":"https:\/\/diarioregionaldigital.com.br\/index.php?rest_route=\/wp\/v2\/types\/post"}],"author":[{"embeddable":true,"href":"https:\/\/diarioregionaldigital.com.br\/index.php?rest_route=\/wp\/v2\/users\/96"}],"replies":[{"embeddable":true,"href":"https:\/\/diarioregionaldigital.com.br\/index.php?rest_route=%2Fwp%2Fv2%2Fcomments&post=164051"}],"version-history":[{"count":0,"href":"https:\/\/diarioregionaldigital.com.br\/index.php?rest_route=\/wp\/v2\/posts\/164051\/revisions"}],"wp:featuredmedia":[{"embeddable":true,"href":"https:\/\/diarioregionaldigital.com.br\/index.php?rest_route=\/wp\/v2\/media\/162518"}],"wp:attachment":[{"href":"https:\/\/diarioregionaldigital.com.br\/index.php?rest_route=%2Fwp%2Fv2%2Fmedia&parent=164051"}],"wp:term":[{"taxonomy":"category","embeddable":true,"href":"https:\/\/diarioregionaldigital.com.br\/index.php?rest_route=%2Fwp%2Fv2%2Fcategories&post=164051"},{"taxonomy":"post_tag","embeddable":true,"href":"https:\/\/diarioregionaldigital.com.br\/index.php?rest_route=%2Fwp%2Fv2%2Ftags&post=164051"}],"curies":[{"name":"wp","href":"https:\/\/api.w.org\/{rel}","templated":true}]}}