{"id":164049,"date":"2020-07-07T17:21:18","date_gmt":"2020-07-07T20:21:18","guid":{"rendered":"https:\/\/diarioregionaldigital.com.br\/?p=164049"},"modified":"2020-07-07T17:21:18","modified_gmt":"2020-07-07T20:21:18","slug":"numero-de-idosos-com-covid-19-em-jf-tem-aumento-de-36-em-uma-semana","status":"publish","type":"post","link":"https:\/\/diarioregionaldigital.com.br\/?p=164049","title":{"rendered":"N\u00famero de idosos com Covid-19 em JF tem aumento de 36% em uma semana"},"content":{"rendered":"<p><span style=\"font-weight: 400;\">O quinto boletim com perfil epidemiol\u00f3gico divulgado pela Prefeitura de Juiz de Fora (PJF), aponta que o n\u00famero de casos confirmados de idosos contaminados com coronav\u00edrus subiu 36% nesta \u00faltima semana. At\u00e9 29 de junho eram 296, agora s\u00e3o 405. Os dados s\u00e3o gerenciados pelo Departamento de Vigil\u00e2ncia Epidemiol\u00f3gica e Ambiental (Dvea) e s\u00f3 s\u00e3o contabilizados os registros em residentes no Munic\u00edpio.<\/span><\/p>\n<p><span style=\"font-weight: 400;\">Nesta semana, dois bairros entraram para a lista dos locais que mais registraram casos positivos da doen\u00e7a: Jardim Gl\u00f3ria e Monte Castelo, cada um com 20. Al\u00e9m desses, foram 146 constata\u00e7\u00f5es no Centro, 87 no S\u00e3o Mateus, 74 no S\u00e3o Pedro, 49 no Alto dos Passos, 49 em Benfica, 41 no Bom Pastor, 39 no Santa Helena, 36 no Cascatinha, 32 no Granville, 34 no Paineiras, 30 no Granbery, 29 no Estrela Sul, 29 em Nova Era, 26 no Teixeiras, 23 no Bandeirantes, 22 em Santa Luzia, 21 no Bairu, 21 em S\u00e3o Judas Tadeu, 19 no Democrata e 18 em Grama.<\/span> <span style=\"font-weight: 400;\">At\u00e9 o momento, Juiz de Fora tem 2.311 casos confirmados, sendo 1.199 em mulheres e 1.112 em homens. Entre os positivos, a m\u00e9dia de idade gira em torno de 43,1 anos.<\/span><\/p>\n<p><b>N\u00famero de casos cresce mais entre jovens, adultos e idosos<\/b><\/p>\n<p><b>&#8211; At\u00e9 1 ano:<\/b><span style=\"font-weight: 400;\"> 9 casos (0,38%)<\/span><\/p>\n<p><b>&#8211; 1 a 9 anos:<\/b><span style=\"font-weight: 400;\"> 44 (1,90%)<\/span><\/p>\n<p><b>&#8211; 10 a 19:<\/b><span style=\"font-weight: 400;\"> 51 (2,20%)<\/span><\/p>\n<p><b>&#8211; 20 a 29:<\/b><span style=\"font-weight: 400;\"> 397 (17,17%)<\/span><\/p>\n<p><b>&#8211; 30 a 39:<\/b><span style=\"font-weight: 400;\"> 591 (25,57%)<\/span><\/p>\n<p><b>&#8211; 40 a 49:<\/b><span style=\"font-weight: 400;\"> 443 (19,16%)<\/span><\/p>\n<p><b>&#8211; 50 a 59:<\/b><span style=\"font-weight: 400;\"> 370 (16,01%)<\/span><\/p>\n<p><b>&#8211; 60 ou mais:<\/b><span style=\"font-weight: 400;\"> 405 casos (17,52%)<\/span><\/p>\n<p><b>Juiz de Fora tem mais mil curados de Covid-19<\/b><\/p>\n<p><span style=\"font-weight: 400;\">Dos 2.311 casos confirmados, 1.624 s\u00e3o considerados como recuperados. Para obter este n\u00famero, o Dvea levou em considera\u00e7\u00e3o todos os pacientes que apresentaram resultado de exame positivo para covid-19 e que venceram os 14 dias de isolamento sem nenhuma intercorr\u00eancia.<\/span><\/p>\n<p><strong>Fonte:<\/strong> Assessoria<\/p>\n","protected":false},"excerpt":{"rendered":"<p>O quinto boletim com perfil epidemiol\u00f3gico divulgado pela Prefeitura de Juiz de Fora (PJF), aponta que o n\u00famero de casos confirmados de idosos contaminados com coronav\u00edrus subiu 36% nesta \u00faltima semana. At\u00e9 29 de junho eram 296, agora s\u00e3o 405. Os dados s\u00e3o gerenciados pelo Departamento de Vigil\u00e2ncia Epidemiol\u00f3gica e Ambiental (Dvea) e s\u00f3 s\u00e3o [&hellip;]<\/p>\n","protected":false},"author":96,"featured_media":163331,"comment_status":"closed","ping_status":"closed","sticky":false,"template":"","format":"standard","meta":{"footnotes":""},"categories":[253,436,440,439],"tags":[],"class_list":["post-164049","post","type-post","status-publish","format-standard","has-post-thumbnail","hentry","category-cidade","category-destaque-da-semana","category-destaques-do-dia","category-ultima-hora"],"_links":{"self":[{"href":"https:\/\/diarioregionaldigital.com.br\/index.php?rest_route=\/wp\/v2\/posts\/164049","targetHints":{"allow":["GET"]}}],"collection":[{"href":"https:\/\/diarioregionaldigital.com.br\/index.php?rest_route=\/wp\/v2\/posts"}],"about":[{"href":"https:\/\/diarioregionaldigital.com.br\/index.php?rest_route=\/wp\/v2\/types\/post"}],"author":[{"embeddable":true,"href":"https:\/\/diarioregionaldigital.com.br\/index.php?rest_route=\/wp\/v2\/users\/96"}],"replies":[{"embeddable":true,"href":"https:\/\/diarioregionaldigital.com.br\/index.php?rest_route=%2Fwp%2Fv2%2Fcomments&post=164049"}],"version-history":[{"count":0,"href":"https:\/\/diarioregionaldigital.com.br\/index.php?rest_route=\/wp\/v2\/posts\/164049\/revisions"}],"wp:featuredmedia":[{"embeddable":true,"href":"https:\/\/diarioregionaldigital.com.br\/index.php?rest_route=\/wp\/v2\/media\/163331"}],"wp:attachment":[{"href":"https:\/\/diarioregionaldigital.com.br\/index.php?rest_route=%2Fwp%2Fv2%2Fmedia&parent=164049"}],"wp:term":[{"taxonomy":"category","embeddable":true,"href":"https:\/\/diarioregionaldigital.com.br\/index.php?rest_route=%2Fwp%2Fv2%2Fcategories&post=164049"},{"taxonomy":"post_tag","embeddable":true,"href":"https:\/\/diarioregionaldigital.com.br\/index.php?rest_route=%2Fwp%2Fv2%2Ftags&post=164049"}],"curies":[{"name":"wp","href":"https:\/\/api.w.org\/{rel}","templated":true}]}}