{"id":164046,"date":"2020-07-07T17:10:09","date_gmt":"2020-07-07T20:10:09","guid":{"rendered":"https:\/\/diarioregionaldigital.com.br\/?p=164046"},"modified":"2020-07-07T17:10:09","modified_gmt":"2020-07-07T20:10:09","slug":"guarda-municipal-recebe-equipamentos-de-enfrentamento-ao-coronavirus","status":"publish","type":"post","link":"https:\/\/diarioregionaldigital.com.br\/?p=164046","title":{"rendered":"Guarda Municipal recebe equipamentos de enfrentamento ao Coronav\u00edrus"},"content":{"rendered":"<p><span style=\"font-weight: 400;\">A Guarda Municipal (GM) da Prefeitura de Juiz de Fora (PJF), receber\u00e1 do Minist\u00e9rio da Justi\u00e7a e Seguran\u00e7a P\u00fablica (MJSP), equipamentos de seguran\u00e7a para o enfrentamento \u00e0 pandemia do Coronav\u00edrus. Os profissionais receber\u00e3o luvas, m\u00e1scaras e \u00e1lcool gel 70%.\u00a0<\/span><\/p>\n<p><span style=\"font-weight: 400;\">A not\u00edcia chega dois meses ap\u00f3s a corpora\u00e7\u00e3o receber habilita\u00e7\u00e3o para firmar conv\u00eanios junto \u00e0 Uni\u00e3o. Em maio, Juiz de Fora foi uma das quatro cidades mineiras a preencher todos os pr\u00e9-requisitos exigidos pela Secretaria Nacional de Seguran\u00e7a P\u00fablica (Senasp), do MJSP, para o credenciamento. Em todo o pa\u00eds, apenas 38 cidades conseguiram cumprir as etapas de regulariza\u00e7\u00e3o.<\/span><\/p>\n<p><span style=\"font-weight: 400;\">O \u00f3rg\u00e3o continua exercendo suas fun\u00e7\u00f5es pelo munic\u00edpio, uma vez que est\u00e1 na lista de servi\u00e7os essenciais, na qual os guardas atuam diretamente em contato com o p\u00fablico nas ruas.\u00a0<\/span><\/p>\n<p><span style=\"font-weight: 400;\">O recebimento dos materiais est\u00e1 condicionado \u00e0 habilita\u00e7\u00e3o obtida pela GMJF. Gra\u00e7as ao seu credenciamento, Juiz de Fora entrou para a lista das cidades em condi\u00e7\u00f5es de pleitear financiamento a projetos para a \u00e1rea de seguran\u00e7a e firmar conv\u00eanios com demais \u00f3rg\u00e3os de seguran\u00e7a p\u00fablica, inclusive com o pr\u00f3prio Minist\u00e9rio.\u00a0<\/span><\/p>\n<p><span style=\"font-weight: 400;\">O processo de integra\u00e7\u00e3o do munic\u00edpio ao credenciamento passou, principalmente, pela total regulamenta\u00e7\u00e3o jur\u00eddica da institui\u00e7\u00e3o, tendo diversas etapas de comprova\u00e7\u00e3o documental. Somaram-se a isso o respaldo de \u00f3rg\u00e3os de controle social, como a preexist\u00eancia de ouvidoria, corregedoria e Conselho de Seguran\u00e7a no Munic\u00edpio.<\/span><\/p>\n","protected":false},"excerpt":{"rendered":"<p>A Guarda Municipal (GM) da Prefeitura de Juiz de Fora (PJF), receber\u00e1 do Minist\u00e9rio da Justi\u00e7a e Seguran\u00e7a P\u00fablica (MJSP), equipamentos de seguran\u00e7a para o enfrentamento \u00e0 pandemia do Coronav\u00edrus. Os profissionais receber\u00e3o luvas, m\u00e1scaras e \u00e1lcool gel 70%.\u00a0 A not\u00edcia chega dois meses ap\u00f3s a corpora\u00e7\u00e3o receber habilita\u00e7\u00e3o para firmar conv\u00eanios junto \u00e0 Uni\u00e3o. [&hellip;]<\/p>\n","protected":false},"author":96,"featured_media":164047,"comment_status":"closed","ping_status":"closed","sticky":false,"template":"","format":"standard","meta":{"footnotes":""},"categories":[253,436,439],"tags":[],"class_list":["post-164046","post","type-post","status-publish","format-standard","has-post-thumbnail","hentry","category-cidade","category-destaque-da-semana","category-ultima-hora"],"_links":{"self":[{"href":"https:\/\/diarioregionaldigital.com.br\/index.php?rest_route=\/wp\/v2\/posts\/164046","targetHints":{"allow":["GET"]}}],"collection":[{"href":"https:\/\/diarioregionaldigital.com.br\/index.php?rest_route=\/wp\/v2\/posts"}],"about":[{"href":"https:\/\/diarioregionaldigital.com.br\/index.php?rest_route=\/wp\/v2\/types\/post"}],"author":[{"embeddable":true,"href":"https:\/\/diarioregionaldigital.com.br\/index.php?rest_route=\/wp\/v2\/users\/96"}],"replies":[{"embeddable":true,"href":"https:\/\/diarioregionaldigital.com.br\/index.php?rest_route=%2Fwp%2Fv2%2Fcomments&post=164046"}],"version-history":[{"count":0,"href":"https:\/\/diarioregionaldigital.com.br\/index.php?rest_route=\/wp\/v2\/posts\/164046\/revisions"}],"wp:featuredmedia":[{"embeddable":true,"href":"https:\/\/diarioregionaldigital.com.br\/index.php?rest_route=\/wp\/v2\/media\/164047"}],"wp:attachment":[{"href":"https:\/\/diarioregionaldigital.com.br\/index.php?rest_route=%2Fwp%2Fv2%2Fmedia&parent=164046"}],"wp:term":[{"taxonomy":"category","embeddable":true,"href":"https:\/\/diarioregionaldigital.com.br\/index.php?rest_route=%2Fwp%2Fv2%2Fcategories&post=164046"},{"taxonomy":"post_tag","embeddable":true,"href":"https:\/\/diarioregionaldigital.com.br\/index.php?rest_route=%2Fwp%2Fv2%2Ftags&post=164046"}],"curies":[{"name":"wp","href":"https:\/\/api.w.org\/{rel}","templated":true}]}}