{"id":164043,"date":"2020-07-07T16:32:19","date_gmt":"2020-07-07T19:32:19","guid":{"rendered":"https:\/\/diarioregionaldigital.com.br\/?p=164043"},"modified":"2020-07-07T16:32:19","modified_gmt":"2020-07-07T19:32:19","slug":"governo-de-minas-anuncia-escala-de-pagamento-dos-servidores-2","status":"publish","type":"post","link":"https:\/\/diarioregionaldigital.com.br\/?p=164043","title":{"rendered":"Governo de Minas anuncia escala de pagamento dos servidores"},"content":{"rendered":"<p>Os servidores das \u00e1reas de\u00a0Sa\u00fade\u00a0e\u00a0Seguran\u00e7a P\u00fablica\u00a0do Estado de Minas Gerais receber\u00e3o o sal\u00e1rio referente ao m\u00eas de junho integralmente nesta sexta-feira, dia 10\/7. O pagamento, como ocorre nos \u00faltimos meses, contempla os profissionais da linha de frente do combate \u00e0 covid-19 nos 853 munic\u00edpios mineiros.<\/p>\n<p>No dia 14\/7, ser\u00e1 realizado o pagamento da primeira parcela, de R$ 2 mil, do sal\u00e1rio dos servidores estaduais das demais categorias. O dep\u00f3sito ser\u00e1 efetuado nesta data em raz\u00e3o da libera\u00e7\u00e3o, no dia anterior, do repasse emergencial da Uni\u00e3o a estados e munic\u00edpios, para compensar perdas de arrecada\u00e7\u00e3o e gastos extras decorrentes da pandemia do coronav\u00edrus.<\/p>\n<p>A segunda parcela ser\u00e1 depositada no dia 25\/7, quitando o sal\u00e1rio de todo o funcionalismo estadual.<\/p>\n<p><strong>Fonte:\u00a0<\/strong>Ag\u00eancia Minas<\/p>\n","protected":false},"excerpt":{"rendered":"<p>Os servidores das \u00e1reas de\u00a0Sa\u00fade\u00a0e\u00a0Seguran\u00e7a P\u00fablica\u00a0do Estado de Minas Gerais receber\u00e3o o sal\u00e1rio referente ao m\u00eas de junho integralmente nesta sexta-feira, dia 10\/7. O pagamento, como ocorre nos \u00faltimos meses, contempla os profissionais da linha de frente do combate \u00e0 covid-19 nos 853 munic\u00edpios mineiros. No dia 14\/7, ser\u00e1 realizado o pagamento da primeira parcela, [&hellip;]<\/p>\n","protected":false},"author":96,"featured_media":164044,"comment_status":"closed","ping_status":"closed","sticky":false,"template":"","format":"standard","meta":{"footnotes":""},"categories":[436,252,439],"tags":[],"class_list":["post-164043","post","type-post","status-publish","format-standard","has-post-thumbnail","hentry","category-destaque-da-semana","category-regiao","category-ultima-hora"],"_links":{"self":[{"href":"https:\/\/diarioregionaldigital.com.br\/index.php?rest_route=\/wp\/v2\/posts\/164043","targetHints":{"allow":["GET"]}}],"collection":[{"href":"https:\/\/diarioregionaldigital.com.br\/index.php?rest_route=\/wp\/v2\/posts"}],"about":[{"href":"https:\/\/diarioregionaldigital.com.br\/index.php?rest_route=\/wp\/v2\/types\/post"}],"author":[{"embeddable":true,"href":"https:\/\/diarioregionaldigital.com.br\/index.php?rest_route=\/wp\/v2\/users\/96"}],"replies":[{"embeddable":true,"href":"https:\/\/diarioregionaldigital.com.br\/index.php?rest_route=%2Fwp%2Fv2%2Fcomments&post=164043"}],"version-history":[{"count":0,"href":"https:\/\/diarioregionaldigital.com.br\/index.php?rest_route=\/wp\/v2\/posts\/164043\/revisions"}],"wp:featuredmedia":[{"embeddable":true,"href":"https:\/\/diarioregionaldigital.com.br\/index.php?rest_route=\/wp\/v2\/media\/164044"}],"wp:attachment":[{"href":"https:\/\/diarioregionaldigital.com.br\/index.php?rest_route=%2Fwp%2Fv2%2Fmedia&parent=164043"}],"wp:term":[{"taxonomy":"category","embeddable":true,"href":"https:\/\/diarioregionaldigital.com.br\/index.php?rest_route=%2Fwp%2Fv2%2Fcategories&post=164043"},{"taxonomy":"post_tag","embeddable":true,"href":"https:\/\/diarioregionaldigital.com.br\/index.php?rest_route=%2Fwp%2Fv2%2Ftags&post=164043"}],"curies":[{"name":"wp","href":"https:\/\/api.w.org\/{rel}","templated":true}]}}