{"id":164040,"date":"2020-07-07T15:40:50","date_gmt":"2020-07-07T18:40:50","guid":{"rendered":"https:\/\/diarioregionaldigital.com.br\/?p=164040"},"modified":"2020-07-07T15:40:50","modified_gmt":"2020-07-07T18:40:50","slug":"pia-sundhage-participara-de-webinar-da-fifa-sobre-o-desenvolvimento-do-futebol-feminino","status":"publish","type":"post","link":"https:\/\/diarioregionaldigital.com.br\/?p=164040","title":{"rendered":"Pia Sundhage participar\u00e1 de Webinar da FIFA sobre o Desenvolvimento do Futebol Feminino"},"content":{"rendered":"<p><span style=\"font-weight: 400;\">H\u00e1 exatamente um ano, a Copa do Mundo Feminina FIFA 2019, sediada na Fran\u00e7a, chegava ao fim. E para celebrar a data e exaltar o sucesso do torneio, a FIFA ir\u00e1 promover um Webinar em seu site, nesta quinta-feira (9), \u00e0s 11h (Hor\u00e1rio de Bras\u00edlia), com a presen\u00e7a de especialistas do meio. Dentre os convidados, destaque para a t\u00e9cnica da Sele\u00e7\u00e3o Brasileira de Futebol Feminino, Pia Sundhage.<\/span><\/p>\n<p><span style=\"font-weight: 400;\">O objetivo da iniciativa \u00e9 debater a evolu\u00e7\u00e3o e o desenvolvimento da modalidade a partir de um recente Relat\u00f3rio de An\u00e1lise F\u00edsica publicado com base de estudos na Copa do Mundo Feminina de 2019.<\/span><\/p>\n<p><span style=\"font-weight: 400;\">A confer\u00eancia contar\u00e1 com a media\u00e7\u00e3o de Sarai Bareman, Chefe de Futebol Feminino da FIFA, al\u00e9m das presen\u00e7as de Paul Bradley, cientista esportivo, Dawn Scott, gerente s\u00eanior de desempenho f\u00edsico da Sele\u00e7\u00e3o Feminina da Inglaterra, e April Heinrichs, ex-jogadora dos EUA e chefe do grupo de estudos t\u00e9cnicos da Copa do Mundo Feminina de 2019.<\/span><\/p>\n<p><span style=\"font-weight: 400;\">De acordo com o estudo, o torneio na Fran\u00e7a foi um marco de desenvolvimento t\u00e9cnico, t\u00e1tico e f\u00edsico no futebol feminino. A pesquisa aponta que, no Mundial de 2019, um n\u00famero grande de jogadoras percorreu maiores dist\u00e2ncias em alta intensidade se comparado \u00e0s edi\u00e7\u00f5es anteriores do campeonato.<\/span><\/p>\n<p><span style=\"font-weight: 400;\">Desta forma, os respons\u00e1veis pelo levantamento se juntar\u00e3o aos convidados especialistas para debater essa evolu\u00e7\u00e3o e o que ela pode significar para o futuro crescimento da modalidade. O Webinar ser\u00e1 transmitido pelo site da FIFA, assim como no canal da entidade no Youtube.<\/span><\/p>\n<p><strong>Fonte:<\/strong> CBF<\/p>\n","protected":false},"excerpt":{"rendered":"<p>H\u00e1 exatamente um ano, a Copa do Mundo Feminina FIFA 2019, sediada na Fran\u00e7a, chegava ao fim. E para celebrar a data e exaltar o sucesso do torneio, a FIFA ir\u00e1 promover um Webinar em seu site, nesta quinta-feira (9), \u00e0s 11h (Hor\u00e1rio de Bras\u00edlia), com a presen\u00e7a de especialistas do meio. Dentre os convidados, [&hellip;]<\/p>\n","protected":false},"author":96,"featured_media":164041,"comment_status":"closed","ping_status":"closed","sticky":false,"template":"","format":"standard","meta":{"footnotes":""},"categories":[436,257,439],"tags":[],"class_list":["post-164040","post","type-post","status-publish","format-standard","has-post-thumbnail","hentry","category-destaque-da-semana","category-esporte","category-ultima-hora"],"_links":{"self":[{"href":"https:\/\/diarioregionaldigital.com.br\/index.php?rest_route=\/wp\/v2\/posts\/164040","targetHints":{"allow":["GET"]}}],"collection":[{"href":"https:\/\/diarioregionaldigital.com.br\/index.php?rest_route=\/wp\/v2\/posts"}],"about":[{"href":"https:\/\/diarioregionaldigital.com.br\/index.php?rest_route=\/wp\/v2\/types\/post"}],"author":[{"embeddable":true,"href":"https:\/\/diarioregionaldigital.com.br\/index.php?rest_route=\/wp\/v2\/users\/96"}],"replies":[{"embeddable":true,"href":"https:\/\/diarioregionaldigital.com.br\/index.php?rest_route=%2Fwp%2Fv2%2Fcomments&post=164040"}],"version-history":[{"count":0,"href":"https:\/\/diarioregionaldigital.com.br\/index.php?rest_route=\/wp\/v2\/posts\/164040\/revisions"}],"wp:featuredmedia":[{"embeddable":true,"href":"https:\/\/diarioregionaldigital.com.br\/index.php?rest_route=\/wp\/v2\/media\/164041"}],"wp:attachment":[{"href":"https:\/\/diarioregionaldigital.com.br\/index.php?rest_route=%2Fwp%2Fv2%2Fmedia&parent=164040"}],"wp:term":[{"taxonomy":"category","embeddable":true,"href":"https:\/\/diarioregionaldigital.com.br\/index.php?rest_route=%2Fwp%2Fv2%2Fcategories&post=164040"},{"taxonomy":"post_tag","embeddable":true,"href":"https:\/\/diarioregionaldigital.com.br\/index.php?rest_route=%2Fwp%2Fv2%2Ftags&post=164040"}],"curies":[{"name":"wp","href":"https:\/\/api.w.org\/{rel}","templated":true}]}}