{"id":164037,"date":"2020-07-07T15:27:32","date_gmt":"2020-07-07T18:27:32","guid":{"rendered":"https:\/\/diarioregionaldigital.com.br\/?p=164037"},"modified":"2020-07-08T15:27:44","modified_gmt":"2020-07-08T18:27:44","slug":"fernando-alonso-retorna-a-f1-diz-jornal-espanhol","status":"publish","type":"post","link":"https:\/\/diarioregionaldigital.com.br\/?p=164037","title":{"rendered":"&#8220;Fernando Alonso retorna \u00e0 F1&#8221;, diz jornal espanhol"},"content":{"rendered":"<p><span style=\"font-weight: 400;\">O bicampe\u00e3o de F1, Fernando Alonso, est\u00e1 perto de assinar contrato com a Renault para 2021 e consequentemente retornar \u00e0 categoria m\u00e1xima do automobilismo mundial, segundo o jornal espanhol \u201cMarca\u201d. Se confirmada, ser\u00e1 a terceira passagem do espanhol pelo time franc\u00eas, sendo a primeira de 2003 a 2006 (per\u00edodo no qual conquistou seus dois t\u00edtulos mundiais) e a segunda de 2008 a 2009.\u00a0<\/span><\/p>\n<p><span style=\"font-weight: 400;\">Segundo o jornal espanhol, Alonso assumir\u00e1 a vaga deixada pelo australiano Daniel Ricciardo, que acertou transfer\u00eancia para McLaren em 2021. O an\u00fancio do time franc\u00eas ser\u00e1 feito hoje (8), \u00e0s 13h00 no hor\u00e1rio local (08h00 no hor\u00e1rio de Bras\u00edlia), segundo informa\u00e7\u00f5es do \u201cMarca\u201d.\u00a0<\/span><\/p>\n<p><span style=\"font-weight: 400;\">Al\u00e9m disso, a Renault aceitou todas as condi\u00e7\u00f5es exigentes impostas pelo piloto espanhol e o contrato ter\u00e1 dura\u00e7\u00e3o de dois anos, com direito a mais um ano de renova\u00e7\u00e3o. O sal\u00e1rio ficaria entre 10 e 12 milh\u00f5es de euros (R$ 60 a 72 mi) por ano. Seria uma economia para a equipe francesa, que hoje gasta cerca de 20 milh\u00f5es de euros (R$ 120 mi) com Ricciardo.<\/span><\/p>\n<p><span style=\"font-weight: 400;\">Fernando Alonso estreou na F1 em 2001 pela extinta Minardi, tendo como seu melhor resultado um 10\u00ba lugar no GP da Alemanha. No ano seguinte virou piloto de testes da Renault e em 2003 foi promovido a titularidade. No mesmo ano, conquistou sua primeira vit\u00f3ria na Hungria, sendo at\u00e9 ent\u00e3o o mais jovem a vencer uma prova da F1, com apenas 22 anos de idade, recorde quebrado em 2016 pelo holand\u00eas Max Verstappen na \u00e9poca com 18 anos.\u00a0<\/span><\/p>\n<p><span style=\"font-weight: 400;\">Em 2004 foi mantido na Renault, mas teve cinco abandonos durante a temporada e teve como melhor resultado um segundo lugar na Fran\u00e7a. Em 2005 o espanhol foi campe\u00e3o do mundo ao bater o finland\u00eas Kimi Raikkonen, conquistando 7 vit\u00f3rias em 19 corridas do ano e marcou 133 pontos. Na temporada seguinte foi bicampe\u00e3o em cima de ningu\u00e9m menos que Michael Schumacher e venceu 7 das 18 provas do ano com 134 pontos,\u00a0 encerrando assim seu primeiro ciclo pela Renault.<\/span><\/p>\n<p><span style=\"font-weight: 400;\">Em 2007 transferiu-se para a McLaren, em busca do tricampeonato, mas o espanhol teve que lidar com o favoritismo da equipe para o ent\u00e3o calouro Lewis Hamilton. Alonso venceu 4 provas e terminou em 3\u00ba no campeonato, com 109 pontos, um ponto atr\u00e1s do campe\u00e3o Kimi Raikkonen.\u00a0<\/span><\/p>\n<p><span style=\"font-weight: 400;\">Devido aos problemas internos dentro da equipe inglesa, Alonso acertou sua volta \u00e0 Renault em 2008, no entanto n\u00e3o repetiu o mesmo sucesso e venceu apenas duas provas, uma delas em Singapura, na qual ficou marcada por um esquema de trapa\u00e7a feita pelo chefe Flavio Briatore e diretor Pat Symonds. O esc\u00e2ndalo ficou conhecido como \u201cSingapura Gate\u201d, na qual o brasileiro Nelsinho Piquet, foi ordenado para bater de prop\u00f3sito e consequentemente trazer o carro de seguran\u00e7a para a pista. Como Alonso havia feito a troca de pneus e reabastecimento antes do acidente, os outros pilotos aproveitaram a presen\u00e7a do carro de seguran\u00e7a para irem aos boxes, no entanto, Alonso se aproveitou da situa\u00e7\u00e3o e assumiu a lideran\u00e7a, que manteria at\u00e9 o fim. Mesmo assim o piloto espanhol ficou em 5\u00ba no campeonato com 61 pontos.<\/span><\/p>\n<p><span style=\"font-weight: 400;\">Em 2009 a F1 passou por mudan\u00e7as no regulamento e a Renault foi uma das equipes que sofreram com a mudan\u00e7a. Com resultados inexpressivos e falta de bom desempenho do carro, Alonso n\u00e3o venceu nenhuma prova e foi apenas o 9\u00ba colocado no campeonato com 26 pontos.<\/span><\/p>\n<p><span style=\"font-weight: 400;\">No ano seguinte se transferiu para a Ferrari, onde ficou at\u00e9 2014, vencendo 10 provas e ficou com o vice-campeonato em 2010 e 2012, ambos perdidos para o alem\u00e3o Sebastian Vettel. Ap\u00f3s problemas internos na escuderia italiana, Alonso retornou para a McLaren mas teve s\u00e9rios problemas com o carro e n\u00e3o venceu nenhuma prova e sequer subir ao p\u00f3dio.<\/span><\/p>\n<p><span style=\"font-weight: 400;\">Deixou o circo da F1 em 2018 e desde ent\u00e3o, disputou as 24h de Daytona e de LeMans, al\u00e9m de disputar as 500 milhas de Indian\u00e1polis pela F\u00f3rmula Indy.<\/span><\/p>\n","protected":false},"excerpt":{"rendered":"<p>O bicampe\u00e3o de F1, Fernando Alonso, est\u00e1 perto de assinar contrato com a Renault para 2021 e consequentemente retornar \u00e0 categoria m\u00e1xima do automobilismo mundial, segundo o jornal espanhol \u201cMarca\u201d. Se confirmada, ser\u00e1 a terceira passagem do espanhol pelo time franc\u00eas, sendo a primeira de 2003 a 2006 (per\u00edodo no qual conquistou seus dois t\u00edtulos [&hellip;]<\/p>\n","protected":false},"author":96,"featured_media":164038,"comment_status":"closed","ping_status":"closed","sticky":false,"template":"","format":"standard","meta":{"footnotes":""},"categories":[436,257,439],"tags":[],"class_list":["post-164037","post","type-post","status-publish","format-standard","has-post-thumbnail","hentry","category-destaque-da-semana","category-esporte","category-ultima-hora"],"_links":{"self":[{"href":"https:\/\/diarioregionaldigital.com.br\/index.php?rest_route=\/wp\/v2\/posts\/164037","targetHints":{"allow":["GET"]}}],"collection":[{"href":"https:\/\/diarioregionaldigital.com.br\/index.php?rest_route=\/wp\/v2\/posts"}],"about":[{"href":"https:\/\/diarioregionaldigital.com.br\/index.php?rest_route=\/wp\/v2\/types\/post"}],"author":[{"embeddable":true,"href":"https:\/\/diarioregionaldigital.com.br\/index.php?rest_route=\/wp\/v2\/users\/96"}],"replies":[{"embeddable":true,"href":"https:\/\/diarioregionaldigital.com.br\/index.php?rest_route=%2Fwp%2Fv2%2Fcomments&post=164037"}],"version-history":[{"count":0,"href":"https:\/\/diarioregionaldigital.com.br\/index.php?rest_route=\/wp\/v2\/posts\/164037\/revisions"}],"wp:featuredmedia":[{"embeddable":true,"href":"https:\/\/diarioregionaldigital.com.br\/index.php?rest_route=\/wp\/v2\/media\/164038"}],"wp:attachment":[{"href":"https:\/\/diarioregionaldigital.com.br\/index.php?rest_route=%2Fwp%2Fv2%2Fmedia&parent=164037"}],"wp:term":[{"taxonomy":"category","embeddable":true,"href":"https:\/\/diarioregionaldigital.com.br\/index.php?rest_route=%2Fwp%2Fv2%2Fcategories&post=164037"},{"taxonomy":"post_tag","embeddable":true,"href":"https:\/\/diarioregionaldigital.com.br\/index.php?rest_route=%2Fwp%2Fv2%2Ftags&post=164037"}],"curies":[{"name":"wp","href":"https:\/\/api.w.org\/{rel}","templated":true}]}}