{"id":164017,"date":"2020-07-07T13:43:22","date_gmt":"2020-07-07T16:43:22","guid":{"rendered":"https:\/\/diarioregionaldigital.com.br\/?p=164017"},"modified":"2020-07-07T13:43:22","modified_gmt":"2020-07-07T16:43:22","slug":"morador-do-vitorino-braga-detem-suspeito-de-cometer-assalto-em-ponto-de-onibus","status":"publish","type":"post","link":"https:\/\/diarioregionaldigital.com.br\/?p=164017","title":{"rendered":"Morador do Vitorino Braga det\u00e9m suspeito de cometer assalto em ponto de \u00f4nibus"},"content":{"rendered":"<p>Um homem de 33 anos, andou em dire\u00e7\u00e3o a um ponto de \u00f4nibus do Bairro Vitorino Braga (Regi\u00e3o Leste) em Juiz de Fora e se aproximou de uma jovem de 25 anos, presente no local. O autor simulou estar armado e exigiu que a v\u00edtima entregasse todos os objetos que carregava. Logo em seguida, o autor puxou a bolsa da v\u00edtima violentamente, que teve sua m\u00e3o direita lesionada. O ator roubou um pacote de dinheiro contendo R$1.000,00 e durante a fuga, foi detido por um cidad\u00e3o que passava pelo local e levou o suspeito para dentro da resid\u00eancia. A Pol\u00edcia Militar (PM) foi acionada e ao chegar no local, se deparou com o infrator rendido ao solo. A v\u00edtima teve o dinheiro recuperado e o suspeito foi preso em flagrante.<\/p>\n","protected":false},"excerpt":{"rendered":"<p>Um homem de 33 anos, andou em dire\u00e7\u00e3o a um ponto de \u00f4nibus do Bairro Vitorino Braga (Regi\u00e3o Leste) em Juiz de Fora e se aproximou de uma jovem de 25 anos, presente no local. O autor simulou estar armado e exigiu que a v\u00edtima entregasse todos os objetos que carregava. Logo em seguida, o [&hellip;]<\/p>\n","protected":false},"author":96,"featured_media":163194,"comment_status":"closed","ping_status":"closed","sticky":false,"template":"","format":"standard","meta":{"footnotes":""},"categories":[301,436,439],"tags":[],"class_list":["post-164017","post","type-post","status-publish","format-standard","has-post-thumbnail","hentry","category-artigos-policiais","category-destaque-da-semana","category-ultima-hora"],"_links":{"self":[{"href":"https:\/\/diarioregionaldigital.com.br\/index.php?rest_route=\/wp\/v2\/posts\/164017","targetHints":{"allow":["GET"]}}],"collection":[{"href":"https:\/\/diarioregionaldigital.com.br\/index.php?rest_route=\/wp\/v2\/posts"}],"about":[{"href":"https:\/\/diarioregionaldigital.com.br\/index.php?rest_route=\/wp\/v2\/types\/post"}],"author":[{"embeddable":true,"href":"https:\/\/diarioregionaldigital.com.br\/index.php?rest_route=\/wp\/v2\/users\/96"}],"replies":[{"embeddable":true,"href":"https:\/\/diarioregionaldigital.com.br\/index.php?rest_route=%2Fwp%2Fv2%2Fcomments&post=164017"}],"version-history":[{"count":0,"href":"https:\/\/diarioregionaldigital.com.br\/index.php?rest_route=\/wp\/v2\/posts\/164017\/revisions"}],"wp:featuredmedia":[{"embeddable":true,"href":"https:\/\/diarioregionaldigital.com.br\/index.php?rest_route=\/wp\/v2\/media\/163194"}],"wp:attachment":[{"href":"https:\/\/diarioregionaldigital.com.br\/index.php?rest_route=%2Fwp%2Fv2%2Fmedia&parent=164017"}],"wp:term":[{"taxonomy":"category","embeddable":true,"href":"https:\/\/diarioregionaldigital.com.br\/index.php?rest_route=%2Fwp%2Fv2%2Fcategories&post=164017"},{"taxonomy":"post_tag","embeddable":true,"href":"https:\/\/diarioregionaldigital.com.br\/index.php?rest_route=%2Fwp%2Fv2%2Ftags&post=164017"}],"curies":[{"name":"wp","href":"https:\/\/api.w.org\/{rel}","templated":true}]}}