{"id":163949,"date":"2020-07-06T20:27:02","date_gmt":"2020-07-06T23:27:02","guid":{"rendered":"https:\/\/diarioregionaldigital.com.br\/?p=163949"},"modified":"2020-07-06T20:27:02","modified_gmt":"2020-07-06T23:27:02","slug":"brasil-tem-654-mil-mortes-causadas-pela-covid-19","status":"publish","type":"post","link":"https:\/\/diarioregionaldigital.com.br\/?p=163949","title":{"rendered":"Brasil tem 65,4 mil mortes causadas pela covid-19"},"content":{"rendered":"<p>O Brasil chegou a 65.487 mortes em decorr\u00eancia da covid-19. Foram registradas mais 620 mortes nas \u00faltimas 24 horas, conforme atualiza\u00e7\u00e3o do Minist\u00e9rio da Sa\u00fade divulgada nesta segunda-feira (6). Ontem (5), o balan\u00e7o informava a ocorr\u00eancia de 64.867 mortes em fun\u00e7\u00e3o da pandemia.\u00a0<img decoding=\"async\" src=\"https:\/\/agenciabrasil.ebc.com.br\/ebc.png?id=1310980&amp;o=node\" \/><\/p>\n<p>Pelas estat\u00edsticas do Minist\u00e9rio da Sa\u00fade, foram identificados mais 20.229 casos da doen\u00e7a. Com isso, o n\u00famero total de pessoas infectadas chegou a 1.623.284. Ontem, o painel do Minist\u00e9rio da Sa\u00fade mostrava 1.603.555 casos confirmados.Do total de infectados at\u00e9 o momento, 927.292 j\u00e1 se recuperaram e 630.505 mil pacientes ainda est\u00e3o em acompanhamento.<\/p>\n<p>Os n\u00fameros di\u00e1rios do balan\u00e7o do Minist\u00e9rio da Sa\u00fade em geral s\u00e3o menores aos domingos e segundas-feiras pelas restri\u00e7\u00f5es nas equipes que fazem contagem de dados nas secretarias municipais e estaduais, e maiores \u00e0s ter\u00e7as-feiras, quando h\u00e1 aumento de registros em raz\u00e3o do ac\u00famulo do que n\u00e3o foi encaminhado no fim de semana.<\/p>\n<p><strong>Regi\u00f5es<\/strong><\/p>\n<p>A regi\u00e3o com maior n\u00famero de mortes por covid-19 \u00e9 o Sudeste, com 29.900. O Nordeste registra 21.235 \u00f3bitos; o Norte, 10.039; o Centro-Oeste, 2.328; e o Sul, 1.985.<\/p>\n<p>Os estados com mais mortes em fun\u00e7\u00e3o da pandemia s\u00e3o S\u00e3o Paulo (16.134), Rio de Janeiro (10.698), Cear\u00e1 (6.481), Par\u00e1 (5.105) e Pernambuco (5.163). As unidades da Federa\u00e7\u00e3o com menos \u00f3bitos s\u00e3o Mato Grosso do Sul (122), Tocantins (224), Roraima (371), Acre (394) e Santa Catarina (406).<\/p>\n<p><strong>Fonte:\u00a0<\/strong>Ag\u00eancia Brasil<\/p>\n","protected":false},"excerpt":{"rendered":"<p>O Brasil chegou a 65.487 mortes em decorr\u00eancia da covid-19. Foram registradas mais 620 mortes nas \u00faltimas 24 horas, conforme atualiza\u00e7\u00e3o do Minist\u00e9rio da Sa\u00fade divulgada nesta segunda-feira (6). Ontem (5), o balan\u00e7o informava a ocorr\u00eancia de 64.867 mortes em fun\u00e7\u00e3o da pandemia.\u00a0 Pelas estat\u00edsticas do Minist\u00e9rio da Sa\u00fade, foram identificados mais 20.229 casos da [&hellip;]<\/p>\n","protected":false},"author":96,"featured_media":163950,"comment_status":"closed","ping_status":"closed","sticky":false,"template":"","format":"standard","meta":{"footnotes":""},"categories":[302,436,440,439],"tags":[],"class_list":["post-163949","post","type-post","status-publish","format-standard","has-post-thumbnail","hentry","category-brasil-mundo","category-destaque-da-semana","category-destaques-do-dia","category-ultima-hora"],"_links":{"self":[{"href":"https:\/\/diarioregionaldigital.com.br\/index.php?rest_route=\/wp\/v2\/posts\/163949","targetHints":{"allow":["GET"]}}],"collection":[{"href":"https:\/\/diarioregionaldigital.com.br\/index.php?rest_route=\/wp\/v2\/posts"}],"about":[{"href":"https:\/\/diarioregionaldigital.com.br\/index.php?rest_route=\/wp\/v2\/types\/post"}],"author":[{"embeddable":true,"href":"https:\/\/diarioregionaldigital.com.br\/index.php?rest_route=\/wp\/v2\/users\/96"}],"replies":[{"embeddable":true,"href":"https:\/\/diarioregionaldigital.com.br\/index.php?rest_route=%2Fwp%2Fv2%2Fcomments&post=163949"}],"version-history":[{"count":0,"href":"https:\/\/diarioregionaldigital.com.br\/index.php?rest_route=\/wp\/v2\/posts\/163949\/revisions"}],"wp:featuredmedia":[{"embeddable":true,"href":"https:\/\/diarioregionaldigital.com.br\/index.php?rest_route=\/wp\/v2\/media\/163950"}],"wp:attachment":[{"href":"https:\/\/diarioregionaldigital.com.br\/index.php?rest_route=%2Fwp%2Fv2%2Fmedia&parent=163949"}],"wp:term":[{"taxonomy":"category","embeddable":true,"href":"https:\/\/diarioregionaldigital.com.br\/index.php?rest_route=%2Fwp%2Fv2%2Fcategories&post=163949"},{"taxonomy":"post_tag","embeddable":true,"href":"https:\/\/diarioregionaldigital.com.br\/index.php?rest_route=%2Fwp%2Fv2%2Ftags&post=163949"}],"curies":[{"name":"wp","href":"https:\/\/api.w.org\/{rel}","templated":true}]}}